{"id":44665,"date":"2023-05-02T14:10:33","date_gmt":"2023-05-02T12:10:33","guid":{"rendered":"https:\/\/www.inselhotel-potsdam.de\/?p=44665"},"modified":"2023-05-03T11:28:00","modified_gmt":"2023-05-03T09:28:00","slug":"deutscher-ethikrat","status":"publish","type":"post","link":"https:\/\/www.inselhotel-potsdam.de\/en\/2023\/05\/deutscher-ethikrat\/","title":{"rendered":"Deutscher Ethikrat"},"content":{"rendered":"<p>Gesch\u00e4ftsf\u00fchrer Burkhard Scholz und die Hoteldirektorin Kathrin Strempel begr\u00fc\u00dften bei herrlichem Fr\u00fchlingswetter die Vorsitzende des Deutschen Ethikrates, Prof. Dr. med. Alena Buyx sowie deren Mitglieder, unter ihnen den Pr\u00e4sidenten des Zentralrats der Juden in Deutschland, Dr. Josef Schuster zu einer 2-t\u00e4gigen Konferenz sehr herzlich im INSELHOTEL Potsdam.<\/p>\n<figure id=\"attachment_44668\" aria-describedby=\"caption-attachment-44668\" style=\"width: 730px\" class=\"wp-caption alignnone\"><img loading=\"lazy\" decoding=\"async\" class=\"wp-image-44668 size-large\" src=\"https:\/\/www.inselhotel-potsdam.de\/wp-content\/uploads\/2023\/05\/Gruppenbild-Prof.-Dr.-med.-Alena-Buyx-1024x618.jpg\" alt=\"\" width=\"730\" height=\"441\" srcset=\"https:\/\/www.inselhotel-potsdam.de\/wp-content\/uploads\/2023\/05\/Gruppenbild-Prof.-Dr.-med.-Alena-Buyx-1024x618.jpg 1024w, https:\/\/www.inselhotel-potsdam.de\/wp-content\/uploads\/2023\/05\/Gruppenbild-Prof.-Dr.-med.-Alena-Buyx-300x181.jpg 300w, https:\/\/www.inselhotel-potsdam.de\/wp-content\/uploads\/2023\/05\/Gruppenbild-Prof.-Dr.-med.-Alena-Buyx-768x464.jpg 768w, https:\/\/www.inselhotel-potsdam.de\/wp-content\/uploads\/2023\/05\/Gruppenbild-Prof.-Dr.-med.-Alena-Buyx.jpg 1458w\" sizes=\"auto, (max-width: 730px) 100vw, 730px\" \/><figcaption id=\"caption-attachment-44668\" class=\"wp-caption-text\">Kathrin Strempel (Hoteldirektorin), Prof. Dr. med. Alena Buyx (Vorsitzende des Deutschen Ethikrates), Burkhard Scholz (Gesch\u00e4ftsf\u00fchrer vom INSELHOTEL Potsdam)<\/figcaption><\/figure>\n<figure id=\"attachment_44670\" aria-describedby=\"caption-attachment-44670\" style=\"width: 730px\" class=\"wp-caption alignnone\"><img loading=\"lazy\" decoding=\"async\" class=\"wp-image-44670\" src=\"https:\/\/www.inselhotel-potsdam.de\/wp-content\/uploads\/2023\/05\/Gruppenbild-Dr.-Josef-Schuster.jpg\" alt=\"\" width=\"730\" height=\"479\" \/><figcaption id=\"caption-attachment-44670\" class=\"wp-caption-text\">Kathrin Strempel (Hoteldirektorin), Dr. Josef Schuster (Pr\u00e4sident des Zentralrat der Juden in Deutschland), Burkhard Scholz (Hoteldirektor vom INSELHOTEL Potsdam)<\/figcaption><\/figure>\n","protected":false},"excerpt":{"rendered":"<p>Gesch\u00e4ftsf\u00fchrer Burkhard Scholz und die Hoteldirektorin Kathrin Strempel begr\u00fc\u00dften bei herrlichem Fr\u00fchlingswetter die Vorsitzende des Deutschen Ethikrates, Prof. Dr. med. Alena Buyx sowie den Pr\u00e4sidenten des Zentralrats der Juden in Deutschland, Dr. Josef Schuster im INSELHOTEL Potsdam.<\/p>\n","protected":false},"author":6,"featured_media":44668,"comment_status":"closed","ping_status":"closed","sticky":false,"template":"","format":"standard","meta":{"_acf_changed":false,"footnotes":""},"categories":[49,52],"class_list":["post-44665","post","type-post","status-publish","format-standard","has-post-thumbnail","hentry","category-tagungen","category-unsere-gaeste"],"acf":[],"yoast_head":"<!-- This site is optimized with the Yoast SEO plugin v25.5 - https:\/\/yoast.com\/wordpress\/plugins\/seo\/ -->\n<title>Deutscher Ethikrat - INSELHOTEL Potsdam<\/title>\n<meta name=\"description\" content=\"Mit gro\u00dfer Freude durften wir den Deutschen Ethikrat mit seiner Vorsitzenden sowie den Pr\u00e4sidenten des Zentralrats der Juden bei uns begr\u00fc\u00dfen.\" \/>\n<meta name=\"robots\" content=\"noindex, nofollow\" \/>\n<meta property=\"og:locale\" content=\"en_US\" \/>\n<meta property=\"og:type\" content=\"article\" \/>\n<meta property=\"og:title\" content=\"Deutscher Ethikrat - INSELHOTEL Potsdam\" \/>\n<meta property=\"og:description\" content=\"Mit gro\u00dfer Freude durften wir den Deutschen Ethikrat mit seiner Vorsitzenden sowie den Pr\u00e4sidenten des Zentralrats der Juden bei uns begr\u00fc\u00dfen.\" \/>\n<meta property=\"og:url\" content=\"https:\/\/www.inselhotel-potsdam.de\/2023\/05\/deutscher-ethikrat\/\" \/>\n<meta property=\"og:site_name\" content=\"INSELHOTEL Potsdam\" \/>\n<meta property=\"article:publisher\" content=\"https:\/\/www.facebook.com\/INSELHOTEL\" \/>\n<meta property=\"article:published_time\" content=\"2023-05-02T12:10:33+00:00\" \/>\n<meta property=\"article:modified_time\" content=\"2023-05-03T09:28:00+00:00\" \/>\n<meta property=\"og:image\" content=\"https:\/\/www.inselhotel-potsdam.de\/wp-content\/uploads\/2023\/05\/Gruppenbild-Prof.-Dr.-med.-Alena-Buyx.jpg\" \/>\n\t<meta property=\"og:image:width\" content=\"1458\" \/>\n\t<meta property=\"og:image:height\" content=\"880\" \/>\n\t<meta property=\"og:image:type\" content=\"image\/jpeg\" \/>\n<meta name=\"author\" content=\"Wenke Mikulla\" \/>\n<meta name=\"twitter:card\" content=\"summary_large_image\" \/>\n<meta name=\"twitter:creator\" content=\"@inselhotel_pots\" \/>\n<meta name=\"twitter:site\" content=\"@inselhotel_pots\" \/>\n<meta name=\"twitter:label1\" content=\"Written by\" \/>\n\t<meta name=\"twitter:data1\" content=\"Wenke Mikulla\" \/>\n\t<meta name=\"twitter:label2\" content=\"Est. reading time\" \/>\n\t<meta name=\"twitter:data2\" content=\"1 minute\" \/>\n<!-- \/ Yoast SEO plugin. -->","yoast_head_json":{"title":"Deutscher Ethikrat - INSELHOTEL Potsdam","description":"Mit gro\u00dfer Freude durften wir den Deutschen Ethikrat mit seiner Vorsitzenden sowie den Pr\u00e4sidenten des Zentralrats der Juden bei uns begr\u00fc\u00dfen.","robots":{"index":"noindex","follow":"nofollow"},"og_locale":"en_US","og_type":"article","og_title":"Deutscher Ethikrat - INSELHOTEL Potsdam","og_description":"Mit gro\u00dfer Freude durften wir den Deutschen Ethikrat mit seiner Vorsitzenden sowie den Pr\u00e4sidenten des Zentralrats der Juden bei uns begr\u00fc\u00dfen.","og_url":"https:\/\/www.inselhotel-potsdam.de\/2023\/05\/deutscher-ethikrat\/","og_site_name":"INSELHOTEL Potsdam","article_publisher":"https:\/\/www.facebook.com\/INSELHOTEL","article_published_time":"2023-05-02T12:10:33+00:00","article_modified_time":"2023-05-03T09:28:00+00:00","og_image":[{"width":1458,"height":880,"url":"https:\/\/www.inselhotel-potsdam.de\/wp-content\/uploads\/2023\/05\/Gruppenbild-Prof.-Dr.-med.-Alena-Buyx.jpg","type":"image\/jpeg"}],"author":"Wenke Mikulla","twitter_card":"summary_large_image","twitter_creator":"@inselhotel_pots","twitter_site":"@inselhotel_pots","twitter_misc":{"Written by":"Wenke Mikulla","Est. reading time":"1 minute"},"schema":{"@context":"https:\/\/schema.org","@graph":[{"@type":"WebPage","@id":"https:\/\/www.inselhotel-potsdam.de\/2023\/05\/deutscher-ethikrat\/","url":"https:\/\/www.inselhotel-potsdam.de\/2023\/05\/deutscher-ethikrat\/","name":"Deutscher Ethikrat - INSELHOTEL Potsdam","isPartOf":{"@id":"https:\/\/www.inselhotel-potsdam.de\/#website"},"primaryImageOfPage":{"@id":"https:\/\/www.inselhotel-potsdam.de\/2023\/05\/deutscher-ethikrat\/#primaryimage"},"image":{"@id":"https:\/\/www.inselhotel-potsdam.de\/2023\/05\/deutscher-ethikrat\/#primaryimage"},"thumbnailUrl":"https:\/\/www.inselhotel-potsdam.de\/wp-content\/uploads\/2023\/05\/Gruppenbild-Prof.-Dr.-med.-Alena-Buyx.jpg","datePublished":"2023-05-02T12:10:33+00:00","dateModified":"2023-05-03T09:28:00+00:00","author":{"@id":"https:\/\/www.inselhotel-potsdam.de\/#\/schema\/person\/25e6a3c23ac920816261b7373d04013e"},"description":"Mit gro\u00dfer Freude durften wir den Deutschen Ethikrat mit seiner Vorsitzenden sowie den Pr\u00e4sidenten des Zentralrats der Juden bei uns begr\u00fc\u00dfen.","breadcrumb":{"@id":"https:\/\/www.inselhotel-potsdam.de\/2023\/05\/deutscher-ethikrat\/#breadcrumb"},"inLanguage":"en-US","potentialAction":[{"@type":"ReadAction","target":["https:\/\/www.inselhotel-potsdam.de\/2023\/05\/deutscher-ethikrat\/"]}]},{"@type":"ImageObject","inLanguage":"en-US","@id":"https:\/\/www.inselhotel-potsdam.de\/2023\/05\/deutscher-ethikrat\/#primaryimage","url":"https:\/\/www.inselhotel-potsdam.de\/wp-content\/uploads\/2023\/05\/Gruppenbild-Prof.-Dr.-med.-Alena-Buyx.jpg","contentUrl":"https:\/\/www.inselhotel-potsdam.de\/wp-content\/uploads\/2023\/05\/Gruppenbild-Prof.-Dr.-med.-Alena-Buyx.jpg","width":1458,"height":880},{"@type":"BreadcrumbList","@id":"https:\/\/www.inselhotel-potsdam.de\/2023\/05\/deutscher-ethikrat\/#breadcrumb","itemListElement":[{"@type":"ListItem","position":1,"name":"Startseite","item":"https:\/\/www.inselhotel-potsdam.de\/en\/"},{"@type":"ListItem","position":2,"name":"Deutscher Ethikrat"}]},{"@type":"WebSite","@id":"https:\/\/www.inselhotel-potsdam.de\/#website","url":"https:\/\/www.inselhotel-potsdam.de\/","name":"INSELHOTEL Potsdam","description":"Hotel - Urlaub auf der Insel","potentialAction":[{"@type":"SearchAction","target":{"@type":"EntryPoint","urlTemplate":"https:\/\/www.inselhotel-potsdam.de\/?s={search_term_string}"},"query-input":{"@type":"PropertyValueSpecification","valueRequired":true,"valueName":"search_term_string"}}],"inLanguage":"en-US"},{"@type":"Person","@id":"https:\/\/www.inselhotel-potsdam.de\/#\/schema\/person\/25e6a3c23ac920816261b7373d04013e","name":"Wenke Mikulla","image":{"@type":"ImageObject","inLanguage":"en-US","@id":"https:\/\/www.inselhotel-potsdam.de\/#\/schema\/person\/image\/","url":"https:\/\/secure.gravatar.com\/avatar\/7dbb20d9c5f65a3dbe8fedb00b1fdc48a1083b25cb8ee2bcd0ec6a576db57f1a?s=96&d=mm&r=g","contentUrl":"https:\/\/secure.gravatar.com\/avatar\/7dbb20d9c5f65a3dbe8fedb00b1fdc48a1083b25cb8ee2bcd0ec6a576db57f1a?s=96&d=mm&r=g","caption":"Wenke Mikulla"}}]}},"_links":{"self":[{"href":"https:\/\/www.inselhotel-potsdam.de\/en\/wp-json\/wp\/v2\/posts\/44665","targetHints":{"allow":["GET"]}}],"collection":[{"href":"https:\/\/www.inselhotel-potsdam.de\/en\/wp-json\/wp\/v2\/posts"}],"about":[{"href":"https:\/\/www.inselhotel-potsdam.de\/en\/wp-json\/wp\/v2\/types\/post"}],"author":[{"embeddable":true,"href":"https:\/\/www.inselhotel-potsdam.de\/en\/wp-json\/wp\/v2\/users\/6"}],"replies":[{"embeddable":true,"href":"https:\/\/www.inselhotel-potsdam.de\/en\/wp-json\/wp\/v2\/comments?post=44665"}],"version-history":[{"count":0,"href":"https:\/\/www.inselhotel-potsdam.de\/en\/wp-json\/wp\/v2\/posts\/44665\/revisions"}],"wp:featuredmedia":[{"embeddable":true,"href":"https:\/\/www.inselhotel-potsdam.de\/en\/wp-json\/wp\/v2\/media\/44668"}],"wp:attachment":[{"href":"https:\/\/www.inselhotel-potsdam.de\/en\/wp-json\/wp\/v2\/media?parent=44665"}],"wp:term":[{"taxonomy":"category","embeddable":true,"href":"https:\/\/www.inselhotel-potsdam.de\/en\/wp-json\/wp\/v2\/categories?post=44665"}],"curies":[{"name":"wp","href":"https:\/\/api.w.org\/{rel}","templated":true}]}}