{"id":43278,"date":"2023-02-10T12:56:05","date_gmt":"2023-02-10T11:56:05","guid":{"rendered":"https:\/\/www.inselhotel-potsdam.de\/?p=43278"},"modified":"2023-02-10T12:56:07","modified_gmt":"2023-02-10T11:56:07","slug":"geburtstagsfeier-zum-runden-geburtstag","status":"publish","type":"post","link":"https:\/\/www.inselhotel-potsdam.de\/en\/2023\/02\/geburtstagsfeier-zum-runden-geburtstag\/","title":{"rendered":"Geburtstagsfeier zum runden Geburtstag"},"content":{"rendered":"<p>Seit \u00fcber 20 Jahren ist Frau Kurzmann im INSELHOTEL Potsdam Ihre Ansprechpartnerin f\u00fcr Tagungen und Veranstaltungen aller Art. Zum runden Geburtstag gratulierten der Gesch\u00e4ftsf\u00fchrer Burkhard Scholz, die Direktorin Kathrin Strempel sowie das gesamte Team ganz herzlich. \u00dcberreicht wurde ein gro\u00dfer Pr\u00e4sentkorb mit vielen Leckereien sowie reichlich Lutschbonbons f\u00fcr eine allzeit starke Stimme ; ).<\/p>\n<p>Liebe Frau Kurzmann, alles Liebe und Gute zu Ihrem Geburtstag. Wir w\u00fcnschen Ihnen ein wundervolles und gesundes neues Lebensjahr. Liebe Gr\u00fc\u00dfe vom gesamten Team<\/p>\n<p>\u00a0<\/p>\n\n\n<figure class=\"wp-block-gallery has-nested-images columns-default is-cropped wp-block-gallery-2 is-layout-flex wp-block-gallery-is-layout-flex\">\n<figure class=\"wp-block-image size-large\"><img loading=\"lazy\" decoding=\"async\" width=\"1024\" height=\"683\" data-id=\"43302\" src=\"https:\/\/www.inselhotel-potsdam.de\/wp-content\/uploads\/2023\/02\/IMG_3502-1024x683.jpg\" alt=\"Geburtstagsfeier \" class=\"wp-image-43302\" srcset=\"https:\/\/www.inselhotel-potsdam.de\/wp-content\/uploads\/2023\/02\/IMG_3502-1024x683.jpg 1024w, https:\/\/www.inselhotel-potsdam.de\/wp-content\/uploads\/2023\/02\/IMG_3502-300x200.jpg 300w, https:\/\/www.inselhotel-potsdam.de\/wp-content\/uploads\/2023\/02\/IMG_3502-768x512.jpg 768w, https:\/\/www.inselhotel-potsdam.de\/wp-content\/uploads\/2023\/02\/IMG_3502-1536x1024.jpg 1536w, https:\/\/www.inselhotel-potsdam.de\/wp-content\/uploads\/2023\/02\/IMG_3502.jpg 1920w\" sizes=\"auto, (max-width: 1024px) 100vw, 1024px\" \/><figcaption class=\"wp-element-caption\">Geburtstagsfeier Frau Kurzmann<\/figcaption><\/figure>\n\n\n\n<figure class=\"wp-block-image size-large\"><img loading=\"lazy\" decoding=\"async\" width=\"1024\" height=\"632\" data-id=\"43280\" src=\"https:\/\/www.inselhotel-potsdam.de\/wp-content\/uploads\/2023\/02\/IMG_3494-e1676020576726-1024x632.jpg\" alt=\"Geburtstagsfeier\" class=\"wp-image-43280\" srcset=\"https:\/\/www.inselhotel-potsdam.de\/wp-content\/uploads\/2023\/02\/IMG_3494-e1676020576726-1024x632.jpg 1024w, https:\/\/www.inselhotel-potsdam.de\/wp-content\/uploads\/2023\/02\/IMG_3494-e1676020576726-300x185.jpg 300w, https:\/\/www.inselhotel-potsdam.de\/wp-content\/uploads\/2023\/02\/IMG_3494-e1676020576726-768x474.jpg 768w, https:\/\/www.inselhotel-potsdam.de\/wp-content\/uploads\/2023\/02\/IMG_3494-e1676020576726.jpg 1492w\" sizes=\"auto, (max-width: 1024px) 100vw, 1024px\" \/><\/figure>\n<\/figure>\n","protected":false},"excerpt":{"rendered":"<p>Seit \u00fcber 20 Jahren ist Frau Kurzmann im INSELHOTEL Potsdam Ihre Ansprechpartnerin f\u00fcr Tagungen und Veranstaltungen aller Art. Zum runden Geburtstag gratulierten der Gesch\u00e4ftsf\u00fchrer Burkhard Scholz, die Direktorin Kathrin Strempel sowie das gesamte Team ganz herzlich. \u00dcberreicht wurde ein gro\u00dfer&#8230;<\/p>\n","protected":false},"author":6,"featured_media":43280,"comment_status":"closed","ping_status":"closed","sticky":false,"template":"","format":"standard","meta":{"_acf_changed":false,"footnotes":""},"categories":[22,50],"class_list":["post-43278","post","type-post","status-publish","format-standard","has-post-thumbnail","hentry","category-blick-hinter-kulissen","category-team-des-inselhotel-potsdam"],"acf":[],"yoast_head":"<!-- This site is optimized with the Yoast SEO plugin v25.5 - https:\/\/yoast.com\/wordpress\/plugins\/seo\/ -->\n<title>Geburtstagsfeier zum runden Geburtstag - INSELHOTEL Potsdam<\/title>\n<meta name=\"robots\" content=\"noindex, nofollow\" \/>\n<meta property=\"og:locale\" content=\"en_US\" \/>\n<meta property=\"og:type\" content=\"article\" \/>\n<meta property=\"og:title\" content=\"Geburtstagsfeier zum runden Geburtstag - INSELHOTEL Potsdam\" \/>\n<meta property=\"og:description\" content=\"Seit \u00fcber 20 Jahren ist Frau Kurzmann im INSELHOTEL Potsdam Ihre Ansprechpartnerin f\u00fcr Tagungen und Veranstaltungen aller Art. Zum runden Geburtstag gratulierten der Gesch\u00e4ftsf\u00fchrer Burkhard Scholz, die Direktorin Kathrin Strempel sowie das gesamte Team ganz herzlich. \u00dcberreicht wurde ein gro\u00dfer...\" \/>\n<meta property=\"og:url\" content=\"https:\/\/www.inselhotel-potsdam.de\/2023\/02\/geburtstagsfeier-zum-runden-geburtstag\/\" \/>\n<meta property=\"og:site_name\" content=\"INSELHOTEL Potsdam\" \/>\n<meta property=\"article:publisher\" content=\"https:\/\/www.facebook.com\/INSELHOTEL\" \/>\n<meta property=\"article:published_time\" content=\"2023-02-10T11:56:05+00:00\" \/>\n<meta property=\"article:modified_time\" content=\"2023-02-10T11:56:07+00:00\" \/>\n<meta property=\"og:image\" content=\"https:\/\/www.inselhotel-potsdam.de\/wp-content\/uploads\/2023\/02\/IMG_3494-e1676020576726.jpg\" \/>\n\t<meta property=\"og:image:width\" content=\"1492\" \/>\n\t<meta property=\"og:image:height\" content=\"921\" \/>\n\t<meta property=\"og:image:type\" content=\"image\/jpeg\" \/>\n<meta name=\"author\" content=\"Wenke Mikulla\" \/>\n<meta name=\"twitter:card\" content=\"summary_large_image\" \/>\n<meta name=\"twitter:creator\" content=\"@inselhotel_pots\" \/>\n<meta name=\"twitter:site\" content=\"@inselhotel_pots\" \/>\n<meta name=\"twitter:label1\" content=\"Written by\" \/>\n\t<meta name=\"twitter:data1\" content=\"Wenke Mikulla\" \/>\n\t<meta name=\"twitter:label2\" content=\"Est. reading time\" \/>\n\t<meta name=\"twitter:data2\" content=\"1 minute\" \/>\n<!-- \/ Yoast SEO plugin. -->","yoast_head_json":{"title":"Geburtstagsfeier zum runden Geburtstag - INSELHOTEL Potsdam","robots":{"index":"noindex","follow":"nofollow"},"og_locale":"en_US","og_type":"article","og_title":"Geburtstagsfeier zum runden Geburtstag - INSELHOTEL Potsdam","og_description":"Seit \u00fcber 20 Jahren ist Frau Kurzmann im INSELHOTEL Potsdam Ihre Ansprechpartnerin f\u00fcr Tagungen und Veranstaltungen aller Art. Zum runden Geburtstag gratulierten der Gesch\u00e4ftsf\u00fchrer Burkhard Scholz, die Direktorin Kathrin Strempel sowie das gesamte Team ganz herzlich. \u00dcberreicht wurde ein gro\u00dfer...","og_url":"https:\/\/www.inselhotel-potsdam.de\/2023\/02\/geburtstagsfeier-zum-runden-geburtstag\/","og_site_name":"INSELHOTEL Potsdam","article_publisher":"https:\/\/www.facebook.com\/INSELHOTEL","article_published_time":"2023-02-10T11:56:05+00:00","article_modified_time":"2023-02-10T11:56:07+00:00","og_image":[{"width":1492,"height":921,"url":"https:\/\/www.inselhotel-potsdam.de\/wp-content\/uploads\/2023\/02\/IMG_3494-e1676020576726.jpg","type":"image\/jpeg"}],"author":"Wenke Mikulla","twitter_card":"summary_large_image","twitter_creator":"@inselhotel_pots","twitter_site":"@inselhotel_pots","twitter_misc":{"Written by":"Wenke Mikulla","Est. reading time":"1 minute"},"schema":{"@context":"https:\/\/schema.org","@graph":[{"@type":"WebPage","@id":"https:\/\/www.inselhotel-potsdam.de\/2023\/02\/geburtstagsfeier-zum-runden-geburtstag\/","url":"https:\/\/www.inselhotel-potsdam.de\/2023\/02\/geburtstagsfeier-zum-runden-geburtstag\/","name":"Geburtstagsfeier zum runden Geburtstag - INSELHOTEL Potsdam","isPartOf":{"@id":"https:\/\/www.inselhotel-potsdam.de\/#website"},"primaryImageOfPage":{"@id":"https:\/\/www.inselhotel-potsdam.de\/2023\/02\/geburtstagsfeier-zum-runden-geburtstag\/#primaryimage"},"image":{"@id":"https:\/\/www.inselhotel-potsdam.de\/2023\/02\/geburtstagsfeier-zum-runden-geburtstag\/#primaryimage"},"thumbnailUrl":"https:\/\/www.inselhotel-potsdam.de\/wp-content\/uploads\/2023\/02\/IMG_3494-e1676020576726.jpg","datePublished":"2023-02-10T11:56:05+00:00","dateModified":"2023-02-10T11:56:07+00:00","author":{"@id":"https:\/\/www.inselhotel-potsdam.de\/#\/schema\/person\/25e6a3c23ac920816261b7373d04013e"},"breadcrumb":{"@id":"https:\/\/www.inselhotel-potsdam.de\/2023\/02\/geburtstagsfeier-zum-runden-geburtstag\/#breadcrumb"},"inLanguage":"en-US","potentialAction":[{"@type":"ReadAction","target":["https:\/\/www.inselhotel-potsdam.de\/2023\/02\/geburtstagsfeier-zum-runden-geburtstag\/"]}]},{"@type":"ImageObject","inLanguage":"en-US","@id":"https:\/\/www.inselhotel-potsdam.de\/2023\/02\/geburtstagsfeier-zum-runden-geburtstag\/#primaryimage","url":"https:\/\/www.inselhotel-potsdam.de\/wp-content\/uploads\/2023\/02\/IMG_3494-e1676020576726.jpg","contentUrl":"https:\/\/www.inselhotel-potsdam.de\/wp-content\/uploads\/2023\/02\/IMG_3494-e1676020576726.jpg","width":1492,"height":921},{"@type":"BreadcrumbList","@id":"https:\/\/www.inselhotel-potsdam.de\/2023\/02\/geburtstagsfeier-zum-runden-geburtstag\/#breadcrumb","itemListElement":[{"@type":"ListItem","position":1,"name":"Startseite","item":"https:\/\/www.inselhotel-potsdam.de\/en\/"},{"@type":"ListItem","position":2,"name":"Geburtstagsfeier zum runden Geburtstag"}]},{"@type":"WebSite","@id":"https:\/\/www.inselhotel-potsdam.de\/#website","url":"https:\/\/www.inselhotel-potsdam.de\/","name":"INSELHOTEL Potsdam","description":"Hotel - Urlaub auf der Insel","potentialAction":[{"@type":"SearchAction","target":{"@type":"EntryPoint","urlTemplate":"https:\/\/www.inselhotel-potsdam.de\/?s={search_term_string}"},"query-input":{"@type":"PropertyValueSpecification","valueRequired":true,"valueName":"search_term_string"}}],"inLanguage":"en-US"},{"@type":"Person","@id":"https:\/\/www.inselhotel-potsdam.de\/#\/schema\/person\/25e6a3c23ac920816261b7373d04013e","name":"Wenke Mikulla","image":{"@type":"ImageObject","inLanguage":"en-US","@id":"https:\/\/www.inselhotel-potsdam.de\/#\/schema\/person\/image\/","url":"https:\/\/secure.gravatar.com\/avatar\/7dbb20d9c5f65a3dbe8fedb00b1fdc48a1083b25cb8ee2bcd0ec6a576db57f1a?s=96&d=mm&r=g","contentUrl":"https:\/\/secure.gravatar.com\/avatar\/7dbb20d9c5f65a3dbe8fedb00b1fdc48a1083b25cb8ee2bcd0ec6a576db57f1a?s=96&d=mm&r=g","caption":"Wenke Mikulla"}}]}},"_links":{"self":[{"href":"https:\/\/www.inselhotel-potsdam.de\/en\/wp-json\/wp\/v2\/posts\/43278","targetHints":{"allow":["GET"]}}],"collection":[{"href":"https:\/\/www.inselhotel-potsdam.de\/en\/wp-json\/wp\/v2\/posts"}],"about":[{"href":"https:\/\/www.inselhotel-potsdam.de\/en\/wp-json\/wp\/v2\/types\/post"}],"author":[{"embeddable":true,"href":"https:\/\/www.inselhotel-potsdam.de\/en\/wp-json\/wp\/v2\/users\/6"}],"replies":[{"embeddable":true,"href":"https:\/\/www.inselhotel-potsdam.de\/en\/wp-json\/wp\/v2\/comments?post=43278"}],"version-history":[{"count":0,"href":"https:\/\/www.inselhotel-potsdam.de\/en\/wp-json\/wp\/v2\/posts\/43278\/revisions"}],"wp:featuredmedia":[{"embeddable":true,"href":"https:\/\/www.inselhotel-potsdam.de\/en\/wp-json\/wp\/v2\/media\/43280"}],"wp:attachment":[{"href":"https:\/\/www.inselhotel-potsdam.de\/en\/wp-json\/wp\/v2\/media?parent=43278"}],"wp:term":[{"taxonomy":"category","embeddable":true,"href":"https:\/\/www.inselhotel-potsdam.de\/en\/wp-json\/wp\/v2\/categories?post=43278"}],"curies":[{"name":"wp","href":"https:\/\/api.w.org\/{rel}","templated":true}]}}