{"id":40555,"date":"2022-10-04T11:17:55","date_gmt":"2022-10-04T09:17:55","guid":{"rendered":"https:\/\/www.inselhotel-potsdam.de\/?p=40555"},"modified":"2022-10-17T09:45:28","modified_gmt":"2022-10-17T07:45:28","slug":"roberto-blanco","status":"publish","type":"post","link":"https:\/\/www.inselhotel-potsdam.de\/en\/2022\/10\/roberto-blanco\/","title":{"rendered":"Roberto Blanco"},"content":{"rendered":"<p>Wir freuen uns sehr, dass wir Roberto Blanco in unserem Hause als Gast begr\u00fc\u00dfen durften. Herr Blanco war als K\u00fcnstler mit einem Auftritt im LAGA-Sommergarten der <a href=\"https:\/\/laga-beelitz.de\/\" class=\"broken_link\">LAGA-Beelitz<\/a> am 2.10.2022 zu sehen. Vielen Dank, dass wir Ihr Gastgeber sein durften. Auf ein baldiges Wiedersehen, Herr Blanco!<\/p>\n<figure id=\"attachment_40559\" aria-describedby=\"caption-attachment-40559\" style=\"width: 730px\" class=\"wp-caption alignnone\"><img loading=\"lazy\" decoding=\"async\" class=\"wp-image-40559 size-large\" src=\"https:\/\/www.inselhotel-potsdam.de\/wp-content\/uploads\/2022\/10\/IMG_1494-768x1024.jpg\" alt=\"Roberto Blanco\" width=\"730\" height=\"973\" srcset=\"https:\/\/www.inselhotel-potsdam.de\/wp-content\/uploads\/2022\/10\/IMG_1494-768x1024.jpg 768w, https:\/\/www.inselhotel-potsdam.de\/wp-content\/uploads\/2022\/10\/IMG_1494-225x300.jpg 225w, https:\/\/www.inselhotel-potsdam.de\/wp-content\/uploads\/2022\/10\/IMG_1494-1152x1536.jpg 1152w, https:\/\/www.inselhotel-potsdam.de\/wp-content\/uploads\/2022\/10\/IMG_1494-1536x2048.jpg 1536w, https:\/\/www.inselhotel-potsdam.de\/wp-content\/uploads\/2022\/10\/IMG_1494-scaled.jpg 1920w\" sizes=\"auto, (max-width: 730px) 100vw, 730px\" \/><figcaption id=\"caption-attachment-40559\" class=\"wp-caption-text\">Unsere Direktorin Kathrin Strempel lie\u00df es sich nicht nehmen, Roberto Blanco pers\u00f6nlich zu begr\u00fc\u00dfen.<\/figcaption><\/figure>\n","protected":false},"excerpt":{"rendered":"<p>Wir freuen uns sehr, dass wir Roberto Blanco in unserem Hause als Gast begr\u00fc\u00dfen durften.<\/p>\n","protected":false},"author":6,"featured_media":40557,"comment_status":"closed","ping_status":"closed","sticky":false,"template":"","format":"standard","meta":{"_acf_changed":false,"footnotes":""},"categories":[20,22,17,42,45,52],"class_list":["post-40555","post","type-post","status-publish","format-standard","has-post-thumbnail","hentry","category-aktuelles","category-blick-hinter-kulissen","category-kultur-in-um-potsdam","category-regionales","category-schauspieler","category-unsere-gaeste"],"acf":[],"yoast_head":"<!-- This site is optimized with the Yoast SEO plugin v25.5 - https:\/\/yoast.com\/wordpress\/plugins\/seo\/ -->\n<title>Roberto Blanco - INSELHOTEL Potsdam<\/title>\n<meta name=\"description\" content=\"Wir freuen uns sehr, dass wir Roberto Blanco in unserem Hause als Gast begr\u00fc\u00dfen durften. Herr Blanco war als K\u00fcnstler mit einem Auftritt im LAGA-Sommergarten der LAGA-Beelitz am 2.10.2022 zu sehen.\" \/>\n<meta name=\"robots\" content=\"noindex, nofollow\" \/>\n<meta property=\"og:locale\" content=\"en_US\" \/>\n<meta property=\"og:type\" content=\"article\" \/>\n<meta property=\"og:title\" content=\"Roberto Blanco - INSELHOTEL Potsdam\" \/>\n<meta property=\"og:description\" content=\"Wir freuen uns sehr, dass wir Roberto Blanco in unserem Hause als Gast begr\u00fc\u00dfen durften. Herr Blanco war als K\u00fcnstler mit einem Auftritt im LAGA-Sommergarten der LAGA-Beelitz am 2.10.2022 zu sehen.\" \/>\n<meta property=\"og:url\" content=\"https:\/\/www.inselhotel-potsdam.de\/2022\/10\/roberto-blanco\/\" \/>\n<meta property=\"og:site_name\" content=\"INSELHOTEL Potsdam\" \/>\n<meta property=\"article:publisher\" content=\"https:\/\/www.facebook.com\/INSELHOTEL\" \/>\n<meta property=\"article:published_time\" content=\"2022-10-04T09:17:55+00:00\" \/>\n<meta property=\"article:modified_time\" content=\"2022-10-17T07:45:28+00:00\" \/>\n<meta property=\"og:image\" content=\"https:\/\/www.inselhotel-potsdam.de\/wp-content\/uploads\/2022\/10\/IMG_1497-scaled-e1665992697905.jpg\" \/>\n\t<meta property=\"og:image:width\" content=\"2560\" \/>\n\t<meta property=\"og:image:height\" content=\"1587\" \/>\n\t<meta property=\"og:image:type\" content=\"image\/jpeg\" \/>\n<meta name=\"author\" content=\"Wenke Mikulla\" \/>\n<meta name=\"twitter:card\" content=\"summary_large_image\" \/>\n<meta name=\"twitter:creator\" content=\"@inselhotel_pots\" \/>\n<meta name=\"twitter:site\" content=\"@inselhotel_pots\" \/>\n<meta name=\"twitter:label1\" content=\"Written by\" \/>\n\t<meta name=\"twitter:data1\" content=\"Wenke Mikulla\" \/>\n\t<meta name=\"twitter:label2\" content=\"Est. reading time\" \/>\n\t<meta name=\"twitter:data2\" content=\"1 minute\" \/>\n<!-- \/ Yoast SEO plugin. -->","yoast_head_json":{"title":"Roberto Blanco - INSELHOTEL Potsdam","description":"Wir freuen uns sehr, dass wir Roberto Blanco in unserem Hause als Gast begr\u00fc\u00dfen durften. Herr Blanco war als K\u00fcnstler mit einem Auftritt im LAGA-Sommergarten der LAGA-Beelitz am 2.10.2022 zu sehen.","robots":{"index":"noindex","follow":"nofollow"},"og_locale":"en_US","og_type":"article","og_title":"Roberto Blanco - INSELHOTEL Potsdam","og_description":"Wir freuen uns sehr, dass wir Roberto Blanco in unserem Hause als Gast begr\u00fc\u00dfen durften. Herr Blanco war als K\u00fcnstler mit einem Auftritt im LAGA-Sommergarten der LAGA-Beelitz am 2.10.2022 zu sehen.","og_url":"https:\/\/www.inselhotel-potsdam.de\/2022\/10\/roberto-blanco\/","og_site_name":"INSELHOTEL Potsdam","article_publisher":"https:\/\/www.facebook.com\/INSELHOTEL","article_published_time":"2022-10-04T09:17:55+00:00","article_modified_time":"2022-10-17T07:45:28+00:00","og_image":[{"width":2560,"height":1587,"url":"https:\/\/www.inselhotel-potsdam.de\/wp-content\/uploads\/2022\/10\/IMG_1497-scaled-e1665992697905.jpg","type":"image\/jpeg"}],"author":"Wenke Mikulla","twitter_card":"summary_large_image","twitter_creator":"@inselhotel_pots","twitter_site":"@inselhotel_pots","twitter_misc":{"Written by":"Wenke Mikulla","Est. reading time":"1 minute"},"schema":{"@context":"https:\/\/schema.org","@graph":[{"@type":"WebPage","@id":"https:\/\/www.inselhotel-potsdam.de\/2022\/10\/roberto-blanco\/","url":"https:\/\/www.inselhotel-potsdam.de\/2022\/10\/roberto-blanco\/","name":"Roberto Blanco - INSELHOTEL Potsdam","isPartOf":{"@id":"https:\/\/www.inselhotel-potsdam.de\/#website"},"primaryImageOfPage":{"@id":"https:\/\/www.inselhotel-potsdam.de\/2022\/10\/roberto-blanco\/#primaryimage"},"image":{"@id":"https:\/\/www.inselhotel-potsdam.de\/2022\/10\/roberto-blanco\/#primaryimage"},"thumbnailUrl":"https:\/\/www.inselhotel-potsdam.de\/wp-content\/uploads\/2022\/10\/IMG_1497-scaled-e1665992697905.jpg","datePublished":"2022-10-04T09:17:55+00:00","dateModified":"2022-10-17T07:45:28+00:00","author":{"@id":"https:\/\/www.inselhotel-potsdam.de\/#\/schema\/person\/25e6a3c23ac920816261b7373d04013e"},"description":"Wir freuen uns sehr, dass wir Roberto Blanco in unserem Hause als Gast begr\u00fc\u00dfen durften. Herr Blanco war als K\u00fcnstler mit einem Auftritt im LAGA-Sommergarten der LAGA-Beelitz am 2.10.2022 zu sehen.","breadcrumb":{"@id":"https:\/\/www.inselhotel-potsdam.de\/2022\/10\/roberto-blanco\/#breadcrumb"},"inLanguage":"en-US","potentialAction":[{"@type":"ReadAction","target":["https:\/\/www.inselhotel-potsdam.de\/2022\/10\/roberto-blanco\/"]}]},{"@type":"ImageObject","inLanguage":"en-US","@id":"https:\/\/www.inselhotel-potsdam.de\/2022\/10\/roberto-blanco\/#primaryimage","url":"https:\/\/www.inselhotel-potsdam.de\/wp-content\/uploads\/2022\/10\/IMG_1497-scaled-e1665992697905.jpg","contentUrl":"https:\/\/www.inselhotel-potsdam.de\/wp-content\/uploads\/2022\/10\/IMG_1497-scaled-e1665992697905.jpg","width":2560,"height":1587},{"@type":"BreadcrumbList","@id":"https:\/\/www.inselhotel-potsdam.de\/2022\/10\/roberto-blanco\/#breadcrumb","itemListElement":[{"@type":"ListItem","position":1,"name":"Startseite","item":"https:\/\/www.inselhotel-potsdam.de\/en\/"},{"@type":"ListItem","position":2,"name":"Roberto Blanco"}]},{"@type":"WebSite","@id":"https:\/\/www.inselhotel-potsdam.de\/#website","url":"https:\/\/www.inselhotel-potsdam.de\/","name":"INSELHOTEL Potsdam","description":"Hotel - Urlaub auf der Insel","potentialAction":[{"@type":"SearchAction","target":{"@type":"EntryPoint","urlTemplate":"https:\/\/www.inselhotel-potsdam.de\/?s={search_term_string}"},"query-input":{"@type":"PropertyValueSpecification","valueRequired":true,"valueName":"search_term_string"}}],"inLanguage":"en-US"},{"@type":"Person","@id":"https:\/\/www.inselhotel-potsdam.de\/#\/schema\/person\/25e6a3c23ac920816261b7373d04013e","name":"Wenke Mikulla","image":{"@type":"ImageObject","inLanguage":"en-US","@id":"https:\/\/www.inselhotel-potsdam.de\/#\/schema\/person\/image\/","url":"https:\/\/secure.gravatar.com\/avatar\/7dbb20d9c5f65a3dbe8fedb00b1fdc48a1083b25cb8ee2bcd0ec6a576db57f1a?s=96&d=mm&r=g","contentUrl":"https:\/\/secure.gravatar.com\/avatar\/7dbb20d9c5f65a3dbe8fedb00b1fdc48a1083b25cb8ee2bcd0ec6a576db57f1a?s=96&d=mm&r=g","caption":"Wenke Mikulla"}}]}},"_links":{"self":[{"href":"https:\/\/www.inselhotel-potsdam.de\/en\/wp-json\/wp\/v2\/posts\/40555","targetHints":{"allow":["GET"]}}],"collection":[{"href":"https:\/\/www.inselhotel-potsdam.de\/en\/wp-json\/wp\/v2\/posts"}],"about":[{"href":"https:\/\/www.inselhotel-potsdam.de\/en\/wp-json\/wp\/v2\/types\/post"}],"author":[{"embeddable":true,"href":"https:\/\/www.inselhotel-potsdam.de\/en\/wp-json\/wp\/v2\/users\/6"}],"replies":[{"embeddable":true,"href":"https:\/\/www.inselhotel-potsdam.de\/en\/wp-json\/wp\/v2\/comments?post=40555"}],"version-history":[{"count":0,"href":"https:\/\/www.inselhotel-potsdam.de\/en\/wp-json\/wp\/v2\/posts\/40555\/revisions"}],"wp:featuredmedia":[{"embeddable":true,"href":"https:\/\/www.inselhotel-potsdam.de\/en\/wp-json\/wp\/v2\/media\/40557"}],"wp:attachment":[{"href":"https:\/\/www.inselhotel-potsdam.de\/en\/wp-json\/wp\/v2\/media?parent=40555"}],"wp:term":[{"taxonomy":"category","embeddable":true,"href":"https:\/\/www.inselhotel-potsdam.de\/en\/wp-json\/wp\/v2\/categories?post=40555"}],"curies":[{"name":"wp","href":"https:\/\/api.w.org\/{rel}","templated":true}]}}