{"id":40305,"date":"2022-09-22T10:35:20","date_gmt":"2022-09-22T08:35:20","guid":{"rendered":"https:\/\/www.inselhotel-potsdam.de\/?p=40305"},"modified":"2022-09-26T11:52:02","modified_gmt":"2022-09-26T09:52:02","slug":"ppk-in-potsdam","status":"publish","type":"post","link":"https:\/\/www.inselhotel-potsdam.de\/en\/2022\/09\/ppk-in-potsdam\/","title":{"rendered":"PPK in Potsdam"},"content":{"rendered":"<p>Wir freuen uns sehr, dass wir am 17.09.2022 im Rahmen der G7 Gastgeber f\u00fcr die PPK sein durften. Zur Parlamentspr\u00e4sidentenkonferenz hatte die Pr\u00e4sidentin des Deutschen Bundestages, B\u00e4rbel Bas, die Parlamentspr\u00e4sidenten der G7 nach Potsdam zu einem Empfang ins INSELHOTEL Potsdam geladen. Gesch\u00e4ftsf\u00fchrer Burkhard Scholz und die Direktorin Kathrin Strempel empfingen die G\u00e4ste und eine Delegation der Ukraine. Sie begr\u00fc\u00dften pers\u00f6nlich B\u00e4rbel Bas (Pr\u00e4sidentin des Deutschen Bundestages), Prof. Dr. Ulrike Liedtke (Pr\u00e4sidentin des Landtages Brandenburg) und Anthony Rota (Sprecher des kanadischen Unterhauses).<\/p>\n<p><img loading=\"lazy\" decoding=\"async\" class=\"alignnone wp-image-40307 size-large\" src=\"https:\/\/www.inselhotel-potsdam.de\/wp-content\/uploads\/2022\/09\/Bild-3-1024x499.jpg\" alt=\"\" width=\"730\" height=\"356\" srcset=\"https:\/\/www.inselhotel-potsdam.de\/wp-content\/uploads\/2022\/09\/Bild-3-1024x499.jpg 1024w, https:\/\/www.inselhotel-potsdam.de\/wp-content\/uploads\/2022\/09\/Bild-3-300x146.jpg 300w, https:\/\/www.inselhotel-potsdam.de\/wp-content\/uploads\/2022\/09\/Bild-3-768x374.jpg 768w, https:\/\/www.inselhotel-potsdam.de\/wp-content\/uploads\/2022\/09\/Bild-3-1536x748.jpg 1536w, https:\/\/www.inselhotel-potsdam.de\/wp-content\/uploads\/2022\/09\/Bild-3.jpg 1568w\" sizes=\"auto, (max-width: 730px) 100vw, 730px\" \/><\/p>\n<p>Das Mittagsmen\u00fc f\u00fcr die gesamte Delegation wurde vom K\u00fcchenchef Michael Friedel-Strempel und seinem K\u00fcchenteam zubereitet.<\/p>\n","protected":false},"excerpt":{"rendered":"<p>Am 17.09.2022 fand im INSELHOTEL Potsdam im Rahmen der G7 die PPK statt.<\/p>\n","protected":false},"author":6,"featured_media":40307,"comment_status":"closed","ping_status":"closed","sticky":false,"template":"","format":"standard","meta":{"_acf_changed":false,"footnotes":""},"categories":[20],"class_list":["post-40305","post","type-post","status-publish","format-standard","has-post-thumbnail","hentry","category-aktuelles"],"acf":[],"yoast_head":"<!-- This site is optimized with the Yoast SEO plugin v25.5 - https:\/\/yoast.com\/wordpress\/plugins\/seo\/ -->\n<title>PPK in Potsdam - INSELHOTEL Potsdam<\/title>\n<meta name=\"description\" content=\"Am 17.09.2022 fand im INSELHOTEL Potsdam im Rahmen der G7 die PPK statt.\" \/>\n<meta name=\"robots\" content=\"noindex, nofollow\" \/>\n<meta property=\"og:locale\" content=\"en_US\" \/>\n<meta property=\"og:type\" content=\"article\" \/>\n<meta property=\"og:title\" content=\"PPK in Potsdam - INSELHOTEL Potsdam\" \/>\n<meta property=\"og:description\" content=\"Am 17.09.2022 fand im INSELHOTEL Potsdam im Rahmen der G7 die PPK statt.\" \/>\n<meta property=\"og:url\" content=\"https:\/\/www.inselhotel-potsdam.de\/2022\/09\/ppk-in-potsdam\/\" \/>\n<meta property=\"og:site_name\" content=\"INSELHOTEL Potsdam\" \/>\n<meta property=\"article:publisher\" content=\"https:\/\/www.facebook.com\/INSELHOTEL\" \/>\n<meta property=\"article:published_time\" content=\"2022-09-22T08:35:20+00:00\" \/>\n<meta property=\"article:modified_time\" content=\"2022-09-26T09:52:02+00:00\" \/>\n<meta property=\"og:image\" content=\"https:\/\/www.inselhotel-potsdam.de\/wp-content\/uploads\/2022\/09\/Bild-3.jpg\" \/>\n\t<meta property=\"og:image:width\" content=\"1568\" \/>\n\t<meta property=\"og:image:height\" content=\"764\" \/>\n\t<meta property=\"og:image:type\" content=\"image\/jpeg\" \/>\n<meta name=\"author\" content=\"Wenke Mikulla\" \/>\n<meta name=\"twitter:card\" content=\"summary_large_image\" \/>\n<meta name=\"twitter:creator\" content=\"@inselhotel_pots\" \/>\n<meta name=\"twitter:site\" content=\"@inselhotel_pots\" \/>\n<meta name=\"twitter:label1\" content=\"Written by\" \/>\n\t<meta name=\"twitter:data1\" content=\"Wenke Mikulla\" \/>\n\t<meta name=\"twitter:label2\" content=\"Est. reading time\" \/>\n\t<meta name=\"twitter:data2\" content=\"1 minute\" \/>\n<!-- \/ Yoast SEO plugin. -->","yoast_head_json":{"title":"PPK in Potsdam - INSELHOTEL Potsdam","description":"Am 17.09.2022 fand im INSELHOTEL Potsdam im Rahmen der G7 die PPK statt.","robots":{"index":"noindex","follow":"nofollow"},"og_locale":"en_US","og_type":"article","og_title":"PPK in Potsdam - INSELHOTEL Potsdam","og_description":"Am 17.09.2022 fand im INSELHOTEL Potsdam im Rahmen der G7 die PPK statt.","og_url":"https:\/\/www.inselhotel-potsdam.de\/2022\/09\/ppk-in-potsdam\/","og_site_name":"INSELHOTEL Potsdam","article_publisher":"https:\/\/www.facebook.com\/INSELHOTEL","article_published_time":"2022-09-22T08:35:20+00:00","article_modified_time":"2022-09-26T09:52:02+00:00","og_image":[{"width":1568,"height":764,"url":"https:\/\/www.inselhotel-potsdam.de\/wp-content\/uploads\/2022\/09\/Bild-3.jpg","type":"image\/jpeg"}],"author":"Wenke Mikulla","twitter_card":"summary_large_image","twitter_creator":"@inselhotel_pots","twitter_site":"@inselhotel_pots","twitter_misc":{"Written by":"Wenke Mikulla","Est. reading time":"1 minute"},"schema":{"@context":"https:\/\/schema.org","@graph":[{"@type":"WebPage","@id":"https:\/\/www.inselhotel-potsdam.de\/2022\/09\/ppk-in-potsdam\/","url":"https:\/\/www.inselhotel-potsdam.de\/2022\/09\/ppk-in-potsdam\/","name":"PPK in Potsdam - INSELHOTEL Potsdam","isPartOf":{"@id":"https:\/\/www.inselhotel-potsdam.de\/#website"},"primaryImageOfPage":{"@id":"https:\/\/www.inselhotel-potsdam.de\/2022\/09\/ppk-in-potsdam\/#primaryimage"},"image":{"@id":"https:\/\/www.inselhotel-potsdam.de\/2022\/09\/ppk-in-potsdam\/#primaryimage"},"thumbnailUrl":"https:\/\/www.inselhotel-potsdam.de\/wp-content\/uploads\/2022\/09\/Bild-3.jpg","datePublished":"2022-09-22T08:35:20+00:00","dateModified":"2022-09-26T09:52:02+00:00","author":{"@id":"https:\/\/www.inselhotel-potsdam.de\/#\/schema\/person\/25e6a3c23ac920816261b7373d04013e"},"description":"Am 17.09.2022 fand im INSELHOTEL Potsdam im Rahmen der G7 die PPK statt.","breadcrumb":{"@id":"https:\/\/www.inselhotel-potsdam.de\/2022\/09\/ppk-in-potsdam\/#breadcrumb"},"inLanguage":"en-US","potentialAction":[{"@type":"ReadAction","target":["https:\/\/www.inselhotel-potsdam.de\/2022\/09\/ppk-in-potsdam\/"]}]},{"@type":"ImageObject","inLanguage":"en-US","@id":"https:\/\/www.inselhotel-potsdam.de\/2022\/09\/ppk-in-potsdam\/#primaryimage","url":"https:\/\/www.inselhotel-potsdam.de\/wp-content\/uploads\/2022\/09\/Bild-3.jpg","contentUrl":"https:\/\/www.inselhotel-potsdam.de\/wp-content\/uploads\/2022\/09\/Bild-3.jpg","width":1568,"height":764},{"@type":"BreadcrumbList","@id":"https:\/\/www.inselhotel-potsdam.de\/2022\/09\/ppk-in-potsdam\/#breadcrumb","itemListElement":[{"@type":"ListItem","position":1,"name":"Startseite","item":"https:\/\/www.inselhotel-potsdam.de\/en\/"},{"@type":"ListItem","position":2,"name":"PPK in Potsdam"}]},{"@type":"WebSite","@id":"https:\/\/www.inselhotel-potsdam.de\/#website","url":"https:\/\/www.inselhotel-potsdam.de\/","name":"INSELHOTEL Potsdam","description":"Hotel - Urlaub auf der Insel","potentialAction":[{"@type":"SearchAction","target":{"@type":"EntryPoint","urlTemplate":"https:\/\/www.inselhotel-potsdam.de\/?s={search_term_string}"},"query-input":{"@type":"PropertyValueSpecification","valueRequired":true,"valueName":"search_term_string"}}],"inLanguage":"en-US"},{"@type":"Person","@id":"https:\/\/www.inselhotel-potsdam.de\/#\/schema\/person\/25e6a3c23ac920816261b7373d04013e","name":"Wenke Mikulla","image":{"@type":"ImageObject","inLanguage":"en-US","@id":"https:\/\/www.inselhotel-potsdam.de\/#\/schema\/person\/image\/","url":"https:\/\/secure.gravatar.com\/avatar\/7dbb20d9c5f65a3dbe8fedb00b1fdc48a1083b25cb8ee2bcd0ec6a576db57f1a?s=96&d=mm&r=g","contentUrl":"https:\/\/secure.gravatar.com\/avatar\/7dbb20d9c5f65a3dbe8fedb00b1fdc48a1083b25cb8ee2bcd0ec6a576db57f1a?s=96&d=mm&r=g","caption":"Wenke Mikulla"}}]}},"_links":{"self":[{"href":"https:\/\/www.inselhotel-potsdam.de\/en\/wp-json\/wp\/v2\/posts\/40305","targetHints":{"allow":["GET"]}}],"collection":[{"href":"https:\/\/www.inselhotel-potsdam.de\/en\/wp-json\/wp\/v2\/posts"}],"about":[{"href":"https:\/\/www.inselhotel-potsdam.de\/en\/wp-json\/wp\/v2\/types\/post"}],"author":[{"embeddable":true,"href":"https:\/\/www.inselhotel-potsdam.de\/en\/wp-json\/wp\/v2\/users\/6"}],"replies":[{"embeddable":true,"href":"https:\/\/www.inselhotel-potsdam.de\/en\/wp-json\/wp\/v2\/comments?post=40305"}],"version-history":[{"count":0,"href":"https:\/\/www.inselhotel-potsdam.de\/en\/wp-json\/wp\/v2\/posts\/40305\/revisions"}],"wp:featuredmedia":[{"embeddable":true,"href":"https:\/\/www.inselhotel-potsdam.de\/en\/wp-json\/wp\/v2\/media\/40307"}],"wp:attachment":[{"href":"https:\/\/www.inselhotel-potsdam.de\/en\/wp-json\/wp\/v2\/media?parent=40305"}],"wp:term":[{"taxonomy":"category","embeddable":true,"href":"https:\/\/www.inselhotel-potsdam.de\/en\/wp-json\/wp\/v2\/categories?post=40305"}],"curies":[{"name":"wp","href":"https:\/\/api.w.org\/{rel}","templated":true}]}}