{"id":3808,"date":"2017-05-07T14:09:21","date_gmt":"2017-05-07T12:09:21","guid":{"rendered":"https:\/\/www.inselhotel-potsdam.de\/?p=3808"},"modified":"2019-08-23T11:42:39","modified_gmt":"2019-08-23T09:42:39","slug":"zum-abschied-der-peruanischen-woche","status":"publish","type":"post","link":"https:\/\/www.inselhotel-potsdam.de\/en\/2017\/05\/zum-abschied-der-peruanischen-woche\/","title":{"rendered":"Zum Abschied der peruanischen Woche"},"content":{"rendered":"<h1 class=\"title\">ZUM ABSCHIED DER PERUANISCHEN WOCHE<\/h1>\n<p>Die Peruanische Woche ist zu Ende. So lecker und so aufregend war`s. Hier gibt es einen kleinen R\u00fcckblick auf die Er\u00f6ffnungsveranstaltung!<\/p>\n<p>In der letzten Woche am Freitag fand der gro\u00dfe Auftakt zur Peruanischen Woche statt, die sich nun leider schon dem Ende neigt. Die leckeren Speisen, die von unserem K\u00fcchenchef Micheal Friedel-Strempel und seinem Team zubereitet wurden, waren einfach nur lecker und haben Lust auf mehr gemacht. F\u00fcr den peruanischen Abend waren f\u00fcnf K\u00f6che jeweils acht Stunden im Einsatz, um ein fulminantes Buffet herzurichten. Dabei wurden sie tatkr\u00e4ftig von dem peruanischen G\u00e4stekoch&nbsp;Andr\u00e9s Cerde\u00f1a Rend\u00f3n unterst\u00fctzt. Die zahlreichen G\u00e4ste genossen sichtlich das tolle Essen und schw\u00e4rmten unter anderem von der frisch zubereiteten Quinoapfanne.<\/p>\n<p><img loading=\"lazy\" decoding=\"async\" class=\"alignnone wp-image-3809 size-full\" title=\"Zum Abschied der Peruanischen Woche\" src=\"https:\/\/www.inselhotel-potsdam.de\/wp-content\/uploads\/2018\/06\/Gastkoch_700.png\" alt=\"\" width=\"700\" height=\"467\" srcset=\"https:\/\/www.inselhotel-potsdam.de\/wp-content\/uploads\/2018\/06\/Gastkoch_700.png 700w, https:\/\/www.inselhotel-potsdam.de\/wp-content\/uploads\/2018\/06\/Gastkoch_700-300x200.png 300w\" sizes=\"auto, (max-width: 700px) 100vw, 700px\" \/><\/p>\n<p>Viele G\u00e4ste, unter anderem die Pr\u00e4sidentin der Humboldt Universit\u00e4t zu Berlin Frau Prof. Sabine Kunst, der Pr\u00e4sident des Hotel- und Gastst\u00e4ttenverbandes Brandenburgs Herr Olaf Sch\u00f6pe und Herr Robert W\u00fcst, der Pr\u00e4sident der Handwerkskammer Potsdam, waren der Einladung vom Gesch\u00e4ftsf\u00fchrer des INSELHOTEL Potsdams gefolgt. Der Abend wurde nicht nur zum kulinarischen Austausch genutzt, sondern diente auch dem guten Zweck. So wurden alle Einnahmen des Abends an die Stiftung &#8220;Familien in Not&#8221; gespendet, wor\u00fcber sich der stellvertretende Stiftungsratvorsitzende Herr Herbert Fuchs sehr freute.<\/p>\n<p>Auch der peruanische Botschafter Elmer Schialer Salcedo ergriff das Wort und war sehr angetan \u00fcber das Interesse an seinem Land und dessen Speisen. Selbst Brandenburgs Minister f\u00fcr Inneres und Kommunales Karl-Heinz Schr\u00f6ter lobte den Blick \u00fcber den Tellerrand und erz\u00e4hlte \u00fcber die Anf\u00e4nge der Kartoffel in Deutschland bzw. Preu\u00dfen. Als einen H\u00f6hepunkt wurde die \u00dcbergabe eines Friedensnagels von Heinz Hoenig an den peruanischen Botschafter und seinem Land, wahrgenommen. Heinz Hoenig stellte den G\u00e4sten sein Herzensprojekt &#8220;Kinder schmieden Zukunft&#8221; vor und erm\u00f6glichte einen Blick auf die Friedensn\u00e4gel, welche mit internationalen und deutschen Schmieden geschmiedet und f\u00fcr einen guten Zweck verkauft werden. Sie m\u00f6chten mehr dar\u00fcber wissen? Kein Problem. Wir werden dieses tolle Projekt in den n\u00e4chsten Tagen genauer vorstellen.<\/p>\n<p><img loading=\"lazy\" decoding=\"async\" class=\"alignnone wp-image-3811 size-full\" title=\"Zum Abschied der Peruanischen Woche\" src=\"https:\/\/www.inselhotel-potsdam.de\/wp-content\/uploads\/2018\/06\/Heinz_HoenigBotschafter_700.jpg\" alt=\"\" width=\"700\" height=\"467\" srcset=\"https:\/\/www.inselhotel-potsdam.de\/wp-content\/uploads\/2018\/06\/Heinz_HoenigBotschafter_700.jpg 700w, https:\/\/www.inselhotel-potsdam.de\/wp-content\/uploads\/2018\/06\/Heinz_HoenigBotschafter_700-300x200.jpg 300w\" sizes=\"auto, (max-width: 700px) 100vw, 700px\" \/><\/p>\n<p>Peruanischen Kl\u00e4ngen konnte man den ganzen Abend lauschen und die lie\u00dfen die G\u00e4ste nach dem Essen auch alle auf die Tanzfl\u00e4che str\u00f6men. Die peruanisch-deutsche K\u00fcnstlerin Silvia Noblecilla gab mit ihren Bildern einen farbenfrohen Einblick in die Kultur des Landes und erz\u00e4hlte gerne \u00fcber ihre Impressionen, doch dazu ein anderes Mal mehr.<\/p>\n<p>Was f\u00fcr ein toller Abend und eine Woche, die viel zu schnell zu Ende ging.<\/p>\n<p>&nbsp;<\/p>\n","protected":false},"excerpt":{"rendered":"<p>ZUM ABSCHIED DER PERUANISCHEN WOCHE Die Peruanische Woche ist zu Ende. So lecker und so aufregend war`s. Hier gibt es einen kleinen R\u00fcckblick auf die Er\u00f6ffnungsveranstaltung! In der letzten Woche am Freitag fand der gro\u00dfe Auftakt zur Peruanischen Woche statt,&#8230;<\/p>\n","protected":false},"author":6,"featured_media":3812,"comment_status":"closed","ping_status":"closed","sticky":false,"template":"","format":"standard","meta":{"_acf_changed":false,"footnotes":""},"categories":[19,40,43],"class_list":["post-3808","post","type-post","status-publish","format-standard","has-post-thumbnail","hentry","category-aktuelle-angebote","category-kulinarische-tipps","category-restaurant"],"acf":[],"yoast_head":"<!-- This site is optimized with the Yoast SEO plugin v25.5 - https:\/\/yoast.com\/wordpress\/plugins\/seo\/ -->\n<title>Zum Abschied der peruanischen Woche - INSELHOTEL Potsdam<\/title>\n<meta name=\"description\" content=\"Die Woche der peruanischen K\u00f6stlichkeiten ist zu Ende. Leckere Einsichten und sch\u00f6ne Details der Er\u00f6ffnungsveranstaltung im INSELHOTEL Potsdam gibt es hier! Read More\" \/>\n<meta name=\"robots\" content=\"noindex, follow\" \/>\n<meta property=\"og:locale\" content=\"en_US\" \/>\n<meta property=\"og:type\" content=\"article\" \/>\n<meta property=\"og:title\" content=\"Zum Abschied der peruanischen Woche - INSELHOTEL Potsdam\" \/>\n<meta property=\"og:description\" content=\"Die Woche der peruanischen K\u00f6stlichkeiten ist zu Ende. Leckere Einsichten und sch\u00f6ne Details der Er\u00f6ffnungsveranstaltung im INSELHOTEL Potsdam gibt es hier! Read More\" \/>\n<meta property=\"og:url\" content=\"https:\/\/www.inselhotel-potsdam.de\/2017\/05\/zum-abschied-der-peruanischen-woche\/\" \/>\n<meta property=\"og:site_name\" content=\"INSELHOTEL Potsdam\" \/>\n<meta property=\"article:publisher\" content=\"https:\/\/www.facebook.com\/INSELHOTEL\" \/>\n<meta property=\"article:published_time\" content=\"2017-05-07T12:09:21+00:00\" \/>\n<meta property=\"article:modified_time\" content=\"2019-08-23T09:42:39+00:00\" \/>\n<meta property=\"og:image\" content=\"https:\/\/www.inselhotel-potsdam.de\/wp-content\/uploads\/2018\/06\/Bild-Knstlerin.1200.800.jpg\" \/>\n\t<meta property=\"og:image:width\" content=\"1200\" \/>\n\t<meta property=\"og:image:height\" content=\"800\" \/>\n\t<meta property=\"og:image:type\" content=\"image\/jpeg\" \/>\n<meta name=\"author\" content=\"Wenke Mikulla\" \/>\n<meta name=\"twitter:card\" content=\"summary_large_image\" \/>\n<meta name=\"twitter:creator\" content=\"@inselhotel_pots\" \/>\n<meta name=\"twitter:site\" content=\"@inselhotel_pots\" \/>\n<meta name=\"twitter:label1\" content=\"Written by\" \/>\n\t<meta name=\"twitter:data1\" content=\"Wenke Mikulla\" \/>\n\t<meta name=\"twitter:label2\" content=\"Est. reading time\" \/>\n\t<meta name=\"twitter:data2\" content=\"2 minutes\" \/>\n<!-- \/ Yoast SEO plugin. -->","yoast_head_json":{"title":"Zum Abschied der peruanischen Woche - INSELHOTEL Potsdam","description":"Die Woche der peruanischen K\u00f6stlichkeiten ist zu Ende. Leckere Einsichten und sch\u00f6ne Details der Er\u00f6ffnungsveranstaltung im INSELHOTEL Potsdam gibt es hier! Read More","robots":{"index":"noindex","follow":"follow"},"og_locale":"en_US","og_type":"article","og_title":"Zum Abschied der peruanischen Woche - INSELHOTEL Potsdam","og_description":"Die Woche der peruanischen K\u00f6stlichkeiten ist zu Ende. Leckere Einsichten und sch\u00f6ne Details der Er\u00f6ffnungsveranstaltung im INSELHOTEL Potsdam gibt es hier! Read More","og_url":"https:\/\/www.inselhotel-potsdam.de\/2017\/05\/zum-abschied-der-peruanischen-woche\/","og_site_name":"INSELHOTEL Potsdam","article_publisher":"https:\/\/www.facebook.com\/INSELHOTEL","article_published_time":"2017-05-07T12:09:21+00:00","article_modified_time":"2019-08-23T09:42:39+00:00","og_image":[{"width":1200,"height":800,"url":"https:\/\/www.inselhotel-potsdam.de\/wp-content\/uploads\/2018\/06\/Bild-Knstlerin.1200.800.jpg","type":"image\/jpeg"}],"author":"Wenke Mikulla","twitter_card":"summary_large_image","twitter_creator":"@inselhotel_pots","twitter_site":"@inselhotel_pots","twitter_misc":{"Written by":"Wenke Mikulla","Est. reading time":"2 minutes"},"schema":{"@context":"https:\/\/schema.org","@graph":[{"@type":"WebPage","@id":"https:\/\/www.inselhotel-potsdam.de\/2017\/05\/zum-abschied-der-peruanischen-woche\/","url":"https:\/\/www.inselhotel-potsdam.de\/2017\/05\/zum-abschied-der-peruanischen-woche\/","name":"Zum Abschied der peruanischen Woche - INSELHOTEL Potsdam","isPartOf":{"@id":"https:\/\/www.inselhotel-potsdam.de\/#website"},"primaryImageOfPage":{"@id":"https:\/\/www.inselhotel-potsdam.de\/2017\/05\/zum-abschied-der-peruanischen-woche\/#primaryimage"},"image":{"@id":"https:\/\/www.inselhotel-potsdam.de\/2017\/05\/zum-abschied-der-peruanischen-woche\/#primaryimage"},"thumbnailUrl":"https:\/\/www.inselhotel-potsdam.de\/wp-content\/uploads\/2018\/06\/Bild-Knstlerin.1200.800.jpg","datePublished":"2017-05-07T12:09:21+00:00","dateModified":"2019-08-23T09:42:39+00:00","author":{"@id":"https:\/\/www.inselhotel-potsdam.de\/#\/schema\/person\/25e6a3c23ac920816261b7373d04013e"},"description":"Die Woche der peruanischen K\u00f6stlichkeiten ist zu Ende. Leckere Einsichten und sch\u00f6ne Details der Er\u00f6ffnungsveranstaltung im INSELHOTEL Potsdam gibt es hier! Read More","breadcrumb":{"@id":"https:\/\/www.inselhotel-potsdam.de\/2017\/05\/zum-abschied-der-peruanischen-woche\/#breadcrumb"},"inLanguage":"en-US","potentialAction":[{"@type":"ReadAction","target":["https:\/\/www.inselhotel-potsdam.de\/2017\/05\/zum-abschied-der-peruanischen-woche\/"]}]},{"@type":"ImageObject","inLanguage":"en-US","@id":"https:\/\/www.inselhotel-potsdam.de\/2017\/05\/zum-abschied-der-peruanischen-woche\/#primaryimage","url":"https:\/\/www.inselhotel-potsdam.de\/wp-content\/uploads\/2018\/06\/Bild-Knstlerin.1200.800.jpg","contentUrl":"https:\/\/www.inselhotel-potsdam.de\/wp-content\/uploads\/2018\/06\/Bild-Knstlerin.1200.800.jpg","width":1200,"height":800},{"@type":"BreadcrumbList","@id":"https:\/\/www.inselhotel-potsdam.de\/2017\/05\/zum-abschied-der-peruanischen-woche\/#breadcrumb","itemListElement":[{"@type":"ListItem","position":1,"name":"Startseite","item":"https:\/\/www.inselhotel-potsdam.de\/en\/"},{"@type":"ListItem","position":2,"name":"Zum Abschied der peruanischen Woche"}]},{"@type":"WebSite","@id":"https:\/\/www.inselhotel-potsdam.de\/#website","url":"https:\/\/www.inselhotel-potsdam.de\/","name":"INSELHOTEL Potsdam","description":"Hotel - Urlaub auf der Insel","potentialAction":[{"@type":"SearchAction","target":{"@type":"EntryPoint","urlTemplate":"https:\/\/www.inselhotel-potsdam.de\/?s={search_term_string}"},"query-input":{"@type":"PropertyValueSpecification","valueRequired":true,"valueName":"search_term_string"}}],"inLanguage":"en-US"},{"@type":"Person","@id":"https:\/\/www.inselhotel-potsdam.de\/#\/schema\/person\/25e6a3c23ac920816261b7373d04013e","name":"Wenke Mikulla","image":{"@type":"ImageObject","inLanguage":"en-US","@id":"https:\/\/www.inselhotel-potsdam.de\/#\/schema\/person\/image\/","url":"https:\/\/secure.gravatar.com\/avatar\/7dbb20d9c5f65a3dbe8fedb00b1fdc48a1083b25cb8ee2bcd0ec6a576db57f1a?s=96&d=mm&r=g","contentUrl":"https:\/\/secure.gravatar.com\/avatar\/7dbb20d9c5f65a3dbe8fedb00b1fdc48a1083b25cb8ee2bcd0ec6a576db57f1a?s=96&d=mm&r=g","caption":"Wenke Mikulla"}}]}},"_links":{"self":[{"href":"https:\/\/www.inselhotel-potsdam.de\/en\/wp-json\/wp\/v2\/posts\/3808","targetHints":{"allow":["GET"]}}],"collection":[{"href":"https:\/\/www.inselhotel-potsdam.de\/en\/wp-json\/wp\/v2\/posts"}],"about":[{"href":"https:\/\/www.inselhotel-potsdam.de\/en\/wp-json\/wp\/v2\/types\/post"}],"author":[{"embeddable":true,"href":"https:\/\/www.inselhotel-potsdam.de\/en\/wp-json\/wp\/v2\/users\/6"}],"replies":[{"embeddable":true,"href":"https:\/\/www.inselhotel-potsdam.de\/en\/wp-json\/wp\/v2\/comments?post=3808"}],"version-history":[{"count":0,"href":"https:\/\/www.inselhotel-potsdam.de\/en\/wp-json\/wp\/v2\/posts\/3808\/revisions"}],"wp:featuredmedia":[{"embeddable":true,"href":"https:\/\/www.inselhotel-potsdam.de\/en\/wp-json\/wp\/v2\/media\/3812"}],"wp:attachment":[{"href":"https:\/\/www.inselhotel-potsdam.de\/en\/wp-json\/wp\/v2\/media?parent=3808"}],"wp:term":[{"taxonomy":"category","embeddable":true,"href":"https:\/\/www.inselhotel-potsdam.de\/en\/wp-json\/wp\/v2\/categories?post=3808"}],"curies":[{"name":"wp","href":"https:\/\/api.w.org\/{rel}","templated":true}]}}