{"id":3419,"date":"2017-09-28T13:03:07","date_gmt":"2017-09-28T11:03:07","guid":{"rendered":"https:\/\/www.inselhotel-potsdam.de\/?p=3419"},"modified":"2019-08-23T12:12:27","modified_gmt":"2019-08-23T10:12:27","slug":"eine-ganz-besondere-verbindung-2017","status":"publish","type":"post","link":"https:\/\/www.inselhotel-potsdam.de\/en\/2017\/09\/eine-ganz-besondere-verbindung-2017\/","title":{"rendered":"Eine ganz besondere Verbindung!"},"content":{"rendered":"<h1 class=\"title\">EINE GANZ BESONDERE VERBINDUNG!<\/h1>\n<p>Ein ganz besonderes Ereignis wurde am 17.September 2017 im INSELHOTEL Potsdam gefeiert. Die Direktorin Frau Kokot wurde 60 Jahre alt und feierte ihr 22-j\u00e4hriges Dienstjubil\u00e4um.<\/p>\n<p>Das INSELHOTEL Potsdam und Frau Kokot haben eine ganz besondere Verbindung, denn seit der Er\u00f6ffnung des Hotels, ist Frau Kokot die Direktorin und hat das Haus, zusammen mit Herrn Scholz, dem Gesch\u00e4ftsf\u00fchrer, aufgebaut zu einem gro\u00dfartigen Unternehmen gemacht. Dieser Betrieb wurde in diesem Jahr mit der h\u00f6chsten Auszeichnung des deutschen Mittelstandes ausgezeichnet.<\/p>\n<p><img loading=\"lazy\" decoding=\"async\" class=\"alignnone wp-image-3421 size-full\" title=\"Eine ganz besondere Verbindung!\" src=\"https:\/\/www.inselhotel-potsdam.de\/wp-content\/uploads\/2018\/06\/Gruppenbild700x467-1.jpg\" alt=\"\" width=\"700\" height=\"467\" srcset=\"https:\/\/www.inselhotel-potsdam.de\/wp-content\/uploads\/2018\/06\/Gruppenbild700x467-1.jpg 700w, https:\/\/www.inselhotel-potsdam.de\/wp-content\/uploads\/2018\/06\/Gruppenbild700x467-1-300x200.jpg 300w\" sizes=\"auto, (max-width: 700px) 100vw, 700px\" \/><\/p>\n<p>22 Jahre hat Frau Kokot mit viel Leidenschaft und Ausdauer f\u00fcr das Hotel gearbeitet &#8211; es ist Ihr Lebenswerk.<\/p>\n<p>Zahlreiche G\u00e4ste kamen an diesem Tag vorbei, um der Direktorin pers\u00f6nlich zu gratulieren! Viele liebe Gl\u00fcckw\u00fcnsche und Blumen wurden \u00fcberreicht. Auch der Gesch\u00e4ftsf\u00fchrer des INSELHOTEL Potsdam, Burkhard Scholz, ergriff an diesem Tag das Wort und bedankte sich bei seiner beruflichen Weggef\u00e4hrtin von Herzen. Nur im Team konnten Sie dieses gro\u00dfe Projekt stemmen, ein ausgezeichnetes 4-Sterne Haus hervorzubringen.<\/p>\n<p><img loading=\"lazy\" decoding=\"async\" class=\"alignnone wp-image-3422 size-full\" title=\"Eine ganz besondere Verbindung!\" src=\"https:\/\/www.inselhotel-potsdam.de\/wp-content\/uploads\/2018\/06\/FrauKokotund_Gast700x713.jpg\" alt=\"\" width=\"700\" height=\"713\" srcset=\"https:\/\/www.inselhotel-potsdam.de\/wp-content\/uploads\/2018\/06\/FrauKokotund_Gast700x713.jpg 700w, https:\/\/www.inselhotel-potsdam.de\/wp-content\/uploads\/2018\/06\/FrauKokotund_Gast700x713-295x300.jpg 295w\" sizes=\"auto, (max-width: 700px) 100vw, 700px\" \/><\/p>\n<p>Unter den G\u00e4sten befanden sich viele Freunde, die Familie und auch berufliche Gef\u00e4hrten wie zum Beispiel: Manfred Stolpe, Olaf Sch\u00f6pe (der Pr\u00e4sident des Deutschen Hotel- und Gastst\u00e4ttenverband Brandenburg) und Dr. Manfred W\u00e4sche (der Gesch\u00e4ftsf\u00fchrer vom Bereich Wirtschaft der IHK).<\/p>\n<p>Auch die Mitarbeiter \u00fcberreichten kleine Aufmerksamkeiten und sangen ein St\u00e4ndchen f\u00fcr die liebe Frau Kokot. Wir w\u00fcnschen ganz viel Gesundheit und Freude f\u00fcr die weiteren Jahre im INSELHOTEL Potsdam! Bleiben Sie uns noch lange erhalten!<\/p>\n<p><img loading=\"lazy\" decoding=\"async\" class=\"alignnone wp-image-3424 size-full\" title=\"Eine ganz besondere Verbindung!\" src=\"https:\/\/www.inselhotel-potsdam.de\/wp-content\/uploads\/2018\/06\/Blumenstrauss700x467.jpg\" alt=\"\" width=\"700\" height=\"467\" srcset=\"https:\/\/www.inselhotel-potsdam.de\/wp-content\/uploads\/2018\/06\/Blumenstrauss700x467.jpg 700w, https:\/\/www.inselhotel-potsdam.de\/wp-content\/uploads\/2018\/06\/Blumenstrauss700x467-300x200.jpg 300w\" sizes=\"auto, (max-width: 700px) 100vw, 700px\" \/><\/p>\n","protected":false},"excerpt":{"rendered":"<p>EINE GANZ BESONDERE VERBINDUNG! Ein ganz besonderes Ereignis wurde am 17.September 2017 im INSELHOTEL Potsdam gefeiert. Die Direktorin Frau Kokot wurde 60 Jahre alt und feierte ihr 22-j\u00e4hriges Dienstjubil\u00e4um. Das INSELHOTEL Potsdam und Frau Kokot haben eine ganz besondere Verbindung,&#8230;<\/p>\n","protected":false},"author":6,"featured_media":3425,"comment_status":"closed","ping_status":"closed","sticky":false,"template":"","format":"standard","meta":{"_acf_changed":false,"footnotes":""},"categories":[20,22,50,53],"class_list":["post-3419","post","type-post","status-publish","format-standard","has-post-thumbnail","hentry","category-aktuelles","category-blick-hinter-kulissen","category-team-des-inselhotel-potsdam","category-veranstaltung-events"],"acf":[],"yoast_head":"<!-- This site is optimized with the Yoast SEO plugin v25.5 - https:\/\/yoast.com\/wordpress\/plugins\/seo\/ -->\n<title>Eine ganz besondere Verbindung! - INSELHOTEL Potsdam<\/title>\n<meta name=\"description\" content=\"Ein ganz besonderes Ereignis wurde am 17.September 2017 im INSELHOTEL Potsdam gefeiert. Die Direktorin Frau Kokot feierte ihr 22-j\u00e4hriges Dienstjubil\u00e4um.\" \/>\n<meta name=\"robots\" content=\"noindex, follow\" \/>\n<meta property=\"og:locale\" content=\"en_US\" \/>\n<meta property=\"og:type\" content=\"article\" \/>\n<meta property=\"og:title\" content=\"Eine ganz besondere Verbindung! - INSELHOTEL Potsdam\" \/>\n<meta property=\"og:description\" content=\"Ein ganz besonderes Ereignis wurde am 17.September 2017 im INSELHOTEL Potsdam gefeiert. Die Direktorin Frau Kokot feierte ihr 22-j\u00e4hriges Dienstjubil\u00e4um.\" \/>\n<meta property=\"og:url\" content=\"https:\/\/www.inselhotel-potsdam.de\/en\/2017\/09\/eine-ganz-besondere-verbindung-2017\/\" \/>\n<meta property=\"og:site_name\" content=\"INSELHOTEL Potsdam\" \/>\n<meta property=\"article:publisher\" content=\"https:\/\/www.facebook.com\/INSELHOTEL\" \/>\n<meta property=\"article:published_time\" content=\"2017-09-28T11:03:07+00:00\" \/>\n<meta property=\"article:modified_time\" content=\"2019-08-23T10:12:27+00:00\" \/>\n<meta property=\"og:image\" content=\"https:\/\/www.inselhotel-potsdam.de\/wp-content\/uploads\/2018\/06\/FrauKokot1500x1000.1200.800.jpg\" \/>\n\t<meta property=\"og:image:width\" content=\"1200\" \/>\n\t<meta property=\"og:image:height\" content=\"800\" \/>\n\t<meta property=\"og:image:type\" content=\"image\/jpeg\" \/>\n<meta name=\"author\" content=\"Wenke Mikulla\" \/>\n<meta name=\"twitter:card\" content=\"summary_large_image\" \/>\n<meta name=\"twitter:creator\" content=\"@inselhotel_pots\" \/>\n<meta name=\"twitter:site\" content=\"@inselhotel_pots\" \/>\n<meta name=\"twitter:label1\" content=\"Written by\" \/>\n\t<meta name=\"twitter:data1\" content=\"Wenke Mikulla\" \/>\n\t<meta name=\"twitter:label2\" content=\"Est. reading time\" \/>\n\t<meta name=\"twitter:data2\" content=\"1 minute\" \/>\n<!-- \/ Yoast SEO plugin. -->","yoast_head_json":{"title":"Eine ganz besondere Verbindung! - INSELHOTEL Potsdam","description":"Ein ganz besonderes Ereignis wurde am 17.September 2017 im INSELHOTEL Potsdam gefeiert. Die Direktorin Frau Kokot feierte ihr 22-j\u00e4hriges Dienstjubil\u00e4um.","robots":{"index":"noindex","follow":"follow"},"og_locale":"en_US","og_type":"article","og_title":"Eine ganz besondere Verbindung! - INSELHOTEL Potsdam","og_description":"Ein ganz besonderes Ereignis wurde am 17.September 2017 im INSELHOTEL Potsdam gefeiert. Die Direktorin Frau Kokot feierte ihr 22-j\u00e4hriges Dienstjubil\u00e4um.","og_url":"https:\/\/www.inselhotel-potsdam.de\/en\/2017\/09\/eine-ganz-besondere-verbindung-2017\/","og_site_name":"INSELHOTEL Potsdam","article_publisher":"https:\/\/www.facebook.com\/INSELHOTEL","article_published_time":"2017-09-28T11:03:07+00:00","article_modified_time":"2019-08-23T10:12:27+00:00","og_image":[{"width":1200,"height":800,"url":"https:\/\/www.inselhotel-potsdam.de\/wp-content\/uploads\/2018\/06\/FrauKokot1500x1000.1200.800.jpg","type":"image\/jpeg"}],"author":"Wenke Mikulla","twitter_card":"summary_large_image","twitter_creator":"@inselhotel_pots","twitter_site":"@inselhotel_pots","twitter_misc":{"Written by":"Wenke Mikulla","Est. reading time":"1 minute"},"schema":{"@context":"https:\/\/schema.org","@graph":[{"@type":"WebPage","@id":"https:\/\/www.inselhotel-potsdam.de\/en\/2017\/09\/eine-ganz-besondere-verbindung-2017\/","url":"https:\/\/www.inselhotel-potsdam.de\/en\/2017\/09\/eine-ganz-besondere-verbindung-2017\/","name":"Eine ganz besondere Verbindung! - INSELHOTEL Potsdam","isPartOf":{"@id":"https:\/\/www.inselhotel-potsdam.de\/#website"},"primaryImageOfPage":{"@id":"https:\/\/www.inselhotel-potsdam.de\/en\/2017\/09\/eine-ganz-besondere-verbindung-2017\/#primaryimage"},"image":{"@id":"https:\/\/www.inselhotel-potsdam.de\/en\/2017\/09\/eine-ganz-besondere-verbindung-2017\/#primaryimage"},"thumbnailUrl":"https:\/\/www.inselhotel-potsdam.de\/wp-content\/uploads\/2018\/06\/FrauKokot1500x1000.1200.800.jpg","datePublished":"2017-09-28T11:03:07+00:00","dateModified":"2019-08-23T10:12:27+00:00","author":{"@id":"https:\/\/www.inselhotel-potsdam.de\/#\/schema\/person\/25e6a3c23ac920816261b7373d04013e"},"description":"Ein ganz besonderes Ereignis wurde am 17.September 2017 im INSELHOTEL Potsdam gefeiert. Die Direktorin Frau Kokot feierte ihr 22-j\u00e4hriges Dienstjubil\u00e4um.","breadcrumb":{"@id":"https:\/\/www.inselhotel-potsdam.de\/en\/2017\/09\/eine-ganz-besondere-verbindung-2017\/#breadcrumb"},"inLanguage":"en-US","potentialAction":[{"@type":"ReadAction","target":["https:\/\/www.inselhotel-potsdam.de\/en\/2017\/09\/eine-ganz-besondere-verbindung-2017\/"]}]},{"@type":"ImageObject","inLanguage":"en-US","@id":"https:\/\/www.inselhotel-potsdam.de\/en\/2017\/09\/eine-ganz-besondere-verbindung-2017\/#primaryimage","url":"https:\/\/www.inselhotel-potsdam.de\/wp-content\/uploads\/2018\/06\/FrauKokot1500x1000.1200.800.jpg","contentUrl":"https:\/\/www.inselhotel-potsdam.de\/wp-content\/uploads\/2018\/06\/FrauKokot1500x1000.1200.800.jpg","width":1200,"height":800},{"@type":"BreadcrumbList","@id":"https:\/\/www.inselhotel-potsdam.de\/en\/2017\/09\/eine-ganz-besondere-verbindung-2017\/#breadcrumb","itemListElement":[{"@type":"ListItem","position":1,"name":"Startseite","item":"https:\/\/www.inselhotel-potsdam.de\/en\/"},{"@type":"ListItem","position":2,"name":"Eine ganz besondere Verbindung!"}]},{"@type":"WebSite","@id":"https:\/\/www.inselhotel-potsdam.de\/#website","url":"https:\/\/www.inselhotel-potsdam.de\/","name":"INSELHOTEL Potsdam","description":"Hotel - Urlaub auf der Insel","potentialAction":[{"@type":"SearchAction","target":{"@type":"EntryPoint","urlTemplate":"https:\/\/www.inselhotel-potsdam.de\/?s={search_term_string}"},"query-input":{"@type":"PropertyValueSpecification","valueRequired":true,"valueName":"search_term_string"}}],"inLanguage":"en-US"},{"@type":"Person","@id":"https:\/\/www.inselhotel-potsdam.de\/#\/schema\/person\/25e6a3c23ac920816261b7373d04013e","name":"Wenke Mikulla","image":{"@type":"ImageObject","inLanguage":"en-US","@id":"https:\/\/www.inselhotel-potsdam.de\/#\/schema\/person\/image\/","url":"https:\/\/secure.gravatar.com\/avatar\/7dbb20d9c5f65a3dbe8fedb00b1fdc48a1083b25cb8ee2bcd0ec6a576db57f1a?s=96&d=mm&r=g","contentUrl":"https:\/\/secure.gravatar.com\/avatar\/7dbb20d9c5f65a3dbe8fedb00b1fdc48a1083b25cb8ee2bcd0ec6a576db57f1a?s=96&d=mm&r=g","caption":"Wenke Mikulla"}}]}},"_links":{"self":[{"href":"https:\/\/www.inselhotel-potsdam.de\/en\/wp-json\/wp\/v2\/posts\/3419","targetHints":{"allow":["GET"]}}],"collection":[{"href":"https:\/\/www.inselhotel-potsdam.de\/en\/wp-json\/wp\/v2\/posts"}],"about":[{"href":"https:\/\/www.inselhotel-potsdam.de\/en\/wp-json\/wp\/v2\/types\/post"}],"author":[{"embeddable":true,"href":"https:\/\/www.inselhotel-potsdam.de\/en\/wp-json\/wp\/v2\/users\/6"}],"replies":[{"embeddable":true,"href":"https:\/\/www.inselhotel-potsdam.de\/en\/wp-json\/wp\/v2\/comments?post=3419"}],"version-history":[{"count":0,"href":"https:\/\/www.inselhotel-potsdam.de\/en\/wp-json\/wp\/v2\/posts\/3419\/revisions"}],"wp:featuredmedia":[{"embeddable":true,"href":"https:\/\/www.inselhotel-potsdam.de\/en\/wp-json\/wp\/v2\/media\/3425"}],"wp:attachment":[{"href":"https:\/\/www.inselhotel-potsdam.de\/en\/wp-json\/wp\/v2\/media?parent=3419"}],"wp:term":[{"taxonomy":"category","embeddable":true,"href":"https:\/\/www.inselhotel-potsdam.de\/en\/wp-json\/wp\/v2\/categories?post=3419"}],"curies":[{"name":"wp","href":"https:\/\/api.w.org\/{rel}","templated":true}]}}