{"id":33859,"date":"2021-08-24T13:49:36","date_gmt":"2021-08-24T11:49:36","guid":{"rendered":"https:\/\/www.inselhotel-potsdam.de\/?p=33859"},"modified":"2021-08-26T11:18:04","modified_gmt":"2021-08-26T09:18:04","slug":"olaf-scholz","status":"publish","type":"post","link":"https:\/\/www.inselhotel-potsdam.de\/en\/2021\/08\/olaf-scholz\/","title":{"rendered":"Olaf Scholz"},"content":{"rendered":"<p>Im Zuge seiner Wahlkampftour besuchte der SPD-Kanzlerkandidat Olaf Scholz am 19. August 2021 f\u00fcr eine Veranstaltung das INSELHOTEL Potsdam. Mit dem Hybrid-Schiff MS Schwielowsee legte der Politiker am hoteleigenen Schiffsanleger an und wurde pers\u00f6nlich von dem Gesch\u00e4ftsf\u00fchrer Burkhard Scholz und unserer stellv. Direktorin Kathrin Strempel begr\u00fc\u00dft. Unser K\u00fcchenchef Michael Friedel-Strempel sorgte mit seinem Team f\u00fcr das leibliche Wohl von Olaf Scholz und dessen G\u00e4ste. Da es nicht der erste Besuch von Olaf Scholz in unserem Hause war, w\u00fcrden wir uns sehr freuen, wenn wir ihn bald wieder bei uns auf der idyllischen Insel Hermannswerder begr\u00fc\u00dfen d\u00fcrfen.<\/p>\n<p><img loading=\"lazy\" decoding=\"async\" class=\"alignleft wp-image-33865 size-large\" src=\"https:\/\/www.inselhotel-potsdam.de\/wp-content\/uploads\/2021\/08\/IMG_0690-1024x683.jpg\" alt=\"\" width=\"730\" height=\"487\" srcset=\"https:\/\/www.inselhotel-potsdam.de\/wp-content\/uploads\/2021\/08\/IMG_0690-1024x683.jpg 1024w, https:\/\/www.inselhotel-potsdam.de\/wp-content\/uploads\/2021\/08\/IMG_0690-300x200.jpg 300w, https:\/\/www.inselhotel-potsdam.de\/wp-content\/uploads\/2021\/08\/IMG_0690-768x512.jpg 768w, https:\/\/www.inselhotel-potsdam.de\/wp-content\/uploads\/2021\/08\/IMG_0690-1536x1024.jpg 1536w, https:\/\/www.inselhotel-potsdam.de\/wp-content\/uploads\/2021\/08\/IMG_0690.jpg 1920w\" sizes=\"auto, (max-width: 730px) 100vw, 730px\" \/><\/p>\n","protected":false},"excerpt":{"rendered":"<p>Im Zuge seiner Wahlkampftour besuchte der SPD-Kanzlerkandidat Olaf Scholz am 19. August 2021 f\u00fcr eine Veranstaltung das INSELHOTEL Potsdam.<\/p>\n","protected":false},"author":6,"featured_media":33861,"comment_status":"closed","ping_status":"closed","sticky":false,"template":"","format":"standard","meta":{"_acf_changed":false,"footnotes":""},"categories":[20,52],"class_list":["post-33859","post","type-post","status-publish","format-standard","has-post-thumbnail","hentry","category-aktuelles","category-unsere-gaeste"],"acf":[],"yoast_head":"<!-- This site is optimized with the Yoast SEO plugin v25.5 - https:\/\/yoast.com\/wordpress\/plugins\/seo\/ -->\n<title>Olaf Scholz - INSELHOTEL Potsdam<\/title>\n<meta name=\"description\" content=\"Im Zuge seiner Wahlkampftour besuchte der SPD-Kanzlerkandidat Olaf Scholz am 19. August 2021 f\u00fcr eine Veranstaltung das INSELHOTEL Potsdam.\" \/>\n<meta name=\"robots\" content=\"index, follow, max-snippet:-1, max-image-preview:large, max-video-preview:-1\" \/>\n<link rel=\"canonical\" href=\"https:\/\/www.inselhotel-potsdam.de\/2021\/08\/olaf-scholz\/\" \/>\n<meta property=\"og:locale\" content=\"en_US\" \/>\n<meta property=\"og:type\" content=\"article\" \/>\n<meta property=\"og:title\" content=\"Olaf Scholz - INSELHOTEL Potsdam\" \/>\n<meta property=\"og:description\" content=\"Im Zuge seiner Wahlkampftour besuchte der SPD-Kanzlerkandidat Olaf Scholz am 19. August 2021 f\u00fcr eine Veranstaltung das INSELHOTEL Potsdam.\" \/>\n<meta property=\"og:url\" content=\"https:\/\/www.inselhotel-potsdam.de\/2021\/08\/olaf-scholz\/\" \/>\n<meta property=\"og:site_name\" content=\"INSELHOTEL Potsdam\" \/>\n<meta property=\"article:publisher\" content=\"https:\/\/www.facebook.com\/INSELHOTEL\" \/>\n<meta property=\"article:published_time\" content=\"2021-08-24T11:49:36+00:00\" \/>\n<meta property=\"article:modified_time\" content=\"2021-08-26T09:18:04+00:00\" \/>\n<meta property=\"og:image\" content=\"https:\/\/www.inselhotel-potsdam.de\/wp-content\/uploads\/2021\/08\/IMG_0675.jpg\" \/>\n\t<meta property=\"og:image:width\" content=\"1920\" \/>\n\t<meta property=\"og:image:height\" content=\"1280\" \/>\n\t<meta property=\"og:image:type\" content=\"image\/jpeg\" \/>\n<meta name=\"author\" content=\"Wenke Mikulla\" \/>\n<meta name=\"twitter:card\" content=\"summary_large_image\" \/>\n<meta name=\"twitter:creator\" content=\"@inselhotel_pots\" \/>\n<meta name=\"twitter:site\" content=\"@inselhotel_pots\" \/>\n<meta name=\"twitter:label1\" content=\"Written by\" \/>\n\t<meta name=\"twitter:data1\" content=\"Wenke Mikulla\" \/>\n\t<meta name=\"twitter:label2\" content=\"Est. reading time\" \/>\n\t<meta name=\"twitter:data2\" content=\"1 minute\" \/>\n<!-- \/ Yoast SEO plugin. -->","yoast_head_json":{"title":"Olaf Scholz - INSELHOTEL Potsdam","description":"Im Zuge seiner Wahlkampftour besuchte der SPD-Kanzlerkandidat Olaf Scholz am 19. August 2021 f\u00fcr eine Veranstaltung das INSELHOTEL Potsdam.","robots":{"index":"index","follow":"follow","max-snippet":"max-snippet:-1","max-image-preview":"max-image-preview:large","max-video-preview":"max-video-preview:-1"},"canonical":"https:\/\/www.inselhotel-potsdam.de\/2021\/08\/olaf-scholz\/","og_locale":"en_US","og_type":"article","og_title":"Olaf Scholz - INSELHOTEL Potsdam","og_description":"Im Zuge seiner Wahlkampftour besuchte der SPD-Kanzlerkandidat Olaf Scholz am 19. August 2021 f\u00fcr eine Veranstaltung das INSELHOTEL Potsdam.","og_url":"https:\/\/www.inselhotel-potsdam.de\/2021\/08\/olaf-scholz\/","og_site_name":"INSELHOTEL Potsdam","article_publisher":"https:\/\/www.facebook.com\/INSELHOTEL","article_published_time":"2021-08-24T11:49:36+00:00","article_modified_time":"2021-08-26T09:18:04+00:00","og_image":[{"width":1920,"height":1280,"url":"https:\/\/www.inselhotel-potsdam.de\/wp-content\/uploads\/2021\/08\/IMG_0675.jpg","type":"image\/jpeg"}],"author":"Wenke Mikulla","twitter_card":"summary_large_image","twitter_creator":"@inselhotel_pots","twitter_site":"@inselhotel_pots","twitter_misc":{"Written by":"Wenke Mikulla","Est. reading time":"1 minute"},"schema":{"@context":"https:\/\/schema.org","@graph":[{"@type":"WebPage","@id":"https:\/\/www.inselhotel-potsdam.de\/2021\/08\/olaf-scholz\/","url":"https:\/\/www.inselhotel-potsdam.de\/2021\/08\/olaf-scholz\/","name":"Olaf Scholz - INSELHOTEL Potsdam","isPartOf":{"@id":"https:\/\/www.inselhotel-potsdam.de\/#website"},"primaryImageOfPage":{"@id":"https:\/\/www.inselhotel-potsdam.de\/2021\/08\/olaf-scholz\/#primaryimage"},"image":{"@id":"https:\/\/www.inselhotel-potsdam.de\/2021\/08\/olaf-scholz\/#primaryimage"},"thumbnailUrl":"https:\/\/www.inselhotel-potsdam.de\/wp-content\/uploads\/2021\/08\/IMG_0675.jpg","datePublished":"2021-08-24T11:49:36+00:00","dateModified":"2021-08-26T09:18:04+00:00","author":{"@id":"https:\/\/www.inselhotel-potsdam.de\/#\/schema\/person\/25e6a3c23ac920816261b7373d04013e"},"description":"Im Zuge seiner Wahlkampftour besuchte der SPD-Kanzlerkandidat Olaf Scholz am 19. August 2021 f\u00fcr eine Veranstaltung das INSELHOTEL Potsdam.","breadcrumb":{"@id":"https:\/\/www.inselhotel-potsdam.de\/2021\/08\/olaf-scholz\/#breadcrumb"},"inLanguage":"en-US","potentialAction":[{"@type":"ReadAction","target":["https:\/\/www.inselhotel-potsdam.de\/2021\/08\/olaf-scholz\/"]}]},{"@type":"ImageObject","inLanguage":"en-US","@id":"https:\/\/www.inselhotel-potsdam.de\/2021\/08\/olaf-scholz\/#primaryimage","url":"https:\/\/www.inselhotel-potsdam.de\/wp-content\/uploads\/2021\/08\/IMG_0675.jpg","contentUrl":"https:\/\/www.inselhotel-potsdam.de\/wp-content\/uploads\/2021\/08\/IMG_0675.jpg","width":1920,"height":1280},{"@type":"BreadcrumbList","@id":"https:\/\/www.inselhotel-potsdam.de\/2021\/08\/olaf-scholz\/#breadcrumb","itemListElement":[{"@type":"ListItem","position":1,"name":"Startseite","item":"https:\/\/www.inselhotel-potsdam.de\/en\/"},{"@type":"ListItem","position":2,"name":"Olaf Scholz"}]},{"@type":"WebSite","@id":"https:\/\/www.inselhotel-potsdam.de\/#website","url":"https:\/\/www.inselhotel-potsdam.de\/","name":"INSELHOTEL Potsdam","description":"Hotel - Urlaub auf der Insel","potentialAction":[{"@type":"SearchAction","target":{"@type":"EntryPoint","urlTemplate":"https:\/\/www.inselhotel-potsdam.de\/?s={search_term_string}"},"query-input":{"@type":"PropertyValueSpecification","valueRequired":true,"valueName":"search_term_string"}}],"inLanguage":"en-US"},{"@type":"Person","@id":"https:\/\/www.inselhotel-potsdam.de\/#\/schema\/person\/25e6a3c23ac920816261b7373d04013e","name":"Wenke Mikulla","image":{"@type":"ImageObject","inLanguage":"en-US","@id":"https:\/\/www.inselhotel-potsdam.de\/#\/schema\/person\/image\/","url":"https:\/\/secure.gravatar.com\/avatar\/7dbb20d9c5f65a3dbe8fedb00b1fdc48a1083b25cb8ee2bcd0ec6a576db57f1a?s=96&d=mm&r=g","contentUrl":"https:\/\/secure.gravatar.com\/avatar\/7dbb20d9c5f65a3dbe8fedb00b1fdc48a1083b25cb8ee2bcd0ec6a576db57f1a?s=96&d=mm&r=g","caption":"Wenke Mikulla"}}]}},"_links":{"self":[{"href":"https:\/\/www.inselhotel-potsdam.de\/en\/wp-json\/wp\/v2\/posts\/33859","targetHints":{"allow":["GET"]}}],"collection":[{"href":"https:\/\/www.inselhotel-potsdam.de\/en\/wp-json\/wp\/v2\/posts"}],"about":[{"href":"https:\/\/www.inselhotel-potsdam.de\/en\/wp-json\/wp\/v2\/types\/post"}],"author":[{"embeddable":true,"href":"https:\/\/www.inselhotel-potsdam.de\/en\/wp-json\/wp\/v2\/users\/6"}],"replies":[{"embeddable":true,"href":"https:\/\/www.inselhotel-potsdam.de\/en\/wp-json\/wp\/v2\/comments?post=33859"}],"version-history":[{"count":0,"href":"https:\/\/www.inselhotel-potsdam.de\/en\/wp-json\/wp\/v2\/posts\/33859\/revisions"}],"wp:featuredmedia":[{"embeddable":true,"href":"https:\/\/www.inselhotel-potsdam.de\/en\/wp-json\/wp\/v2\/media\/33861"}],"wp:attachment":[{"href":"https:\/\/www.inselhotel-potsdam.de\/en\/wp-json\/wp\/v2\/media?parent=33859"}],"wp:term":[{"taxonomy":"category","embeddable":true,"href":"https:\/\/www.inselhotel-potsdam.de\/en\/wp-json\/wp\/v2\/categories?post=33859"}],"curies":[{"name":"wp","href":"https:\/\/api.w.org\/{rel}","templated":true}]}}